
{"id":76577,"date":"2025-09-29T10:44:36","date_gmt":"2025-09-29T13:44:36","guid":{"rendered":"https:\/\/www.educativa.com\/?p=76577"},"modified":"2025-09-29T10:48:32","modified_gmt":"2025-09-29T13:48:32","slug":"evaluar-en-la-era-de-la-ia-mas-alla-de-la-verificacion-de-los-aprendizajes","status":"publish","type":"post","link":"https:\/\/www.educativa.com\/en\/blog-articulos\/evaluar-en-la-era-de-la-ia-mas-alla-de-la-verificacion-de-los-aprendizajes\/","title":{"rendered":"Evaluar en la era de la IA: m\u00e1s all\u00e1 de la verificaci\u00f3n de los aprendizajes"},"content":{"rendered":"\n<figure class=\"wp-block-image size-full\"><img loading=\"lazy\" decoding=\"async\" width=\"860\" height=\"429\" src=\"https:\/\/www.educativa.com\/wp-content\/uploads\/2025\/09\/evaluar.png\" alt=\"evaluar\" class=\"wp-image-76588\" srcset=\"https:\/\/www.educativa.com\/wp-content\/uploads\/2025\/09\/evaluar.png 860w, https:\/\/www.educativa.com\/wp-content\/uploads\/2025\/09\/evaluar-300x150.png 300w, https:\/\/www.educativa.com\/wp-content\/uploads\/2025\/09\/evaluar-768x383.png 768w\" sizes=\"auto, (max-width: 860px) 100vw, 860px\" \/><\/figure>\n\n\n\n<h3 class=\"wp-block-heading\"><em><strong>Cuando nos preguntan a los docentes a qu\u00e9 nos dedicamos, respondemos &#8220;doy clases&#8221;; nunca decimos &#8220;tomo ex\u00e1menes&#8221;. Y sin embargo, como observa Paola Rold\u00e1n, la evaluaci\u00f3n nos desvela tanto o m\u00e1s que el mismo acto de dar clase. Esta disociaci\u00f3n \u2014entre el momento creativo y artesanal de la clase y lo que sentimos como el &#8220;padecimiento&#8221; del examen\u2014 se vuelve especialmente compleja en tiempos de inteligencia artificial generativa.<\/strong><\/em><\/h3>\n\n\n\n<p>Pero ahora este padecimiento cobra una nueva dimensi\u00f3n: <strong>\u00bfqu\u00e9 valor tiene un examen que una aplicaci\u00f3n de IA puede resolver en segundos?<\/strong> Esta pregunta va al coraz\u00f3n de nuestro oficio y nos obliga a repensar todo.<\/p>\n\n\n\n<h3 class=\"wp-block-heading has-vivid-red-color has-text-color has-link-color wp-elements-a77c9e1358128522ca7dcb7e57f29917\">Las preguntas que no podemos postergar<\/h3>\n\n\n\n<p><strong>\u00bfC\u00f3mo acreditar conocimientos cuando un software puede resolver la tarea que solicitamos de manera casi profesional? \u00bfQu\u00e9 estamos acreditando?<\/strong> \u00bfCu\u00e1les son los nuevos desaf\u00edos a los que nos enfrentamos como docentes y cu\u00e1les son los mecanismos necesarios para propiciar evaluaciones que sean parte del aprendizaje, que promuevan el pensamiento cr\u00edtico y el an\u00e1lisis? \u00bfCu\u00e1les son los desaf\u00edos de las instituciones en cuanto acreditan conocimientos?<\/p>\n\n\n\n<p>Evaluar en este contexto implica preguntarse no solo &#8220;qu\u00e9 sabe cada estudiante&#8221;, sino tambi\u00e9n <strong>&#8220;c\u00f3mo llega a saberlo&#8221;, &#8220;qu\u00e9 decisiones toma&#8221;, &#8220;c\u00f3mo dialoga con la informaci\u00f3n&#8221; y &#8220;qu\u00e9 sentido le da&#8221;<\/strong>. La evaluaci\u00f3n no puede comprenderse desde una auditor\u00eda de lo producido, sino <strong>una conversaci\u00f3n sobre lo pensado, una cartograf\u00eda del recorrido cognitivo y emocional del estudiante<\/strong>.<\/p>\n\n\n\n<p>Es por esto que la irrupci\u00f3n de la IA nos obliga a repensar la evaluaci\u00f3n no como un momento final de verificaci\u00f3n, sino como <strong>un proceso continuo e integrado al aprendizaje<\/strong>. Las evaluaciones formativas de las que siempre hablamos y poco practicamos cobran relevancia, permitiendo que los estudiantes reflexionen sobre su propio proceso de construcci\u00f3n del conocimiento y desarrollen metacognici\u00f3n sobre sus estrategias de aprendizaje.<\/p>\n\n\n\n<h3 class=\"wp-block-heading has-vivid-red-color has-text-color has-link-color wp-elements-6df5053ed4885ea485cd55e6e9fb40df\">Estrategias para evaluar lo espec\u00edficamente humano<\/h3>\n\n\n\n<p>Las IAs operan sobre bases de datos p\u00fablicas y patrones estad\u00edsticos generales. Por eso, las preguntas verdaderamente resistentes son aquellas <strong>profundamente ancladas en la experiencia del aula<\/strong>:<\/p>\n\n\n\n<ul class=\"wp-block-list\">\n<li>Materiales exclusivos del curso: Incluye fragmentos de lecturas trabajadas en clase, transcripciones de debates o ejemplos analizados colectivamente. Una IA no tuvo acceso a esas discusiones espec\u00edficas.<\/li>\n\n\n\n<li>Interpretaci\u00f3n de representaciones visuales propias: Gr\u00e1ficos, esquemas o im\u00e1genes de experimentos realizados por los propios estudiantes exigen una lectura contextualizada que solo ellos pueden brindar.<\/li>\n\n\n\n<li>Juicio cr\u00edtico con criterios expl\u00edcitos: En lugar de preguntar &#8220;\u00bfqu\u00e9 es X?&#8221;, pregunta &#8220;\u00bfcu\u00e1l argumento es m\u00e1s s\u00f3lido frente a X, y por qu\u00e9?&#8221;. Todas las opciones deben ser plausibles y diferenciarse por matices conceptuales.<\/li>\n\n\n\n<li>Transferencia a contextos aut\u00e9nticos: Dise\u00f1a escenarios coherentes donde el estudiante deba adaptar conceptos a situaciones in\u00e9ditas. Esto eval\u00faa comprensi\u00f3n profunda, no reproducci\u00f3n.<\/li>\n<\/ul>\n\n\n\n<h3 class=\"wp-block-heading has-vivid-red-color has-text-color has-link-color wp-elements-555bfea8079e40894cfb8908edb974f2\">Llev\u00e1ndolo a la pr\u00e1ctica con Educativa<\/h3>\n\n\n\n<p>Nuestro LMS ofrece herramientas espec\u00edficas para materializar estas ideas:<\/p>\n\n\n\n<ul class=\"wp-block-list\">\n<li><strong>Formato &#8220;Selecci\u00f3n de opciones&#8221;:<\/strong> Permite vincular recursos multimedia del aula y agregar retroalimentaci\u00f3n formativa.<\/li>\n\n\n\n<li><strong>Formato &#8220;Completar espacios&#8221;:<\/strong> Ideal para an\u00e1lisis de casos contextualizados con opciones espec\u00edficas.<\/li>\n\n\n\n<li><strong>Formato &#8220;Relacionar conceptos&#8221;:<\/strong> Perfecto para mapear redes de ideas trabajadas colectivamente.<\/li>\n\n\n\n<li><strong>Etiquetas y unidades:<\/strong> Filtran preguntas por tipo de pensamiento (an\u00e1lisis, juicio cr\u00edtico, transferencia).<\/li>\n<\/ul>\n\n\n\n<p class=\"has-vivid-red-color has-text-color has-link-color wp-elements-07946ab07f436b9b22e7122f107c1312\"><strong>NUEVO TIPO DE \u00cdTEM:<\/strong><\/p>\n\n\n\n<ul class=\"wp-block-list\">\n<li><strong>Formato &#8220;Ordenamiento\/Secuencia&#8221;:<\/strong> Permite crear preguntas donde los estudiantes deben ordenar opciones en una secuencia v\u00e1lida. Ideal para evaluar comprensi\u00f3n de procesos, cronolog\u00edas trabajadas en clase o jerarqu\u00edas conceptuales espec\u00edficas del curso.<\/li>\n<\/ul>\n\n\n\n<details class=\"wp-block-details is-layout-flow wp-block-details-is-layout-flow\"><summary>Recordatorio t\u00e9cnico<br>Una vez que una pregunta se usa en evaluaci\u00f3n con entregas, no se puede modificar. <strong>Prueba nuevos dise\u00f1os en evaluaciones formativas<\/strong> antes de usarlos en instancias acreditadas.<\/summary>\n<p><\/p>\n<\/details>\n\n\n\n<h3 class=\"wp-block-heading has-vivid-red-color has-text-color has-link-color wp-elements-6f17d8dea9d2255273b2f7d5709a05d0\">Hacia una evaluaci\u00f3n transformadora<\/h3>\n\n\n\n<p>En este contexto, <strong>las autoevaluaciones cobran un rol protag\u00f3nico<\/strong>. No como meros cuestionarios de repaso al final del proceso, sino como dispositivos integrados que acompa\u00f1an el aprendizaje. Cuando un estudiante reflexiona sobre &#8220;\u00bfqu\u00e9 parte de este problema me result\u00f3 m\u00e1s desafiante y por qu\u00e9?&#8221;, est\u00e1 desarrollando una competencia que ninguna IA puede replicar: la metacognici\u00f3n sobre su propio proceso de construcci\u00f3n del conocimiento.<\/p>\n\n\n\n<p>La clave est\u00e1 en dise\u00f1ar autoevaluaciones que sean verdaderos espacios de pensamiento, donde los estudiantes puedan cartografiar su recorrido cognitivo y emocional. <\/p>\n\n\n\n<div class=\"wp-block-columns is-layout-flex wp-container-core-columns-is-layout-9d6595d7 wp-block-columns-is-layout-flex\">\n<div class=\"wp-block-column is-layout-flow wp-block-column-is-layout-flow\" style=\"flex-basis:100%\">\n<div class=\"wp-block-buttons is-layout-flex wp-block-buttons-is-layout-flex\">\n<div class=\"wp-block-button has-custom-width wp-block-button__width-50\"><a class=\"wp-block-button__link has-white-color has-vivid-red-background-color has-text-color has-background has-link-color wp-element-button\" href=\"https:\/\/manuales.educativa.com\/estable\/open\/aula\/back\/es\/html\/Preguntas.html\">Saber m\u00e1s <\/a><\/div>\n<\/div>\n<\/div>\n<\/div>\n\n\n\n<p><strong>Si tienes consultas, el equipo de soporte est\u00e1 disponible para ayudarte en\u00a0<a href=\"mailto:soporte@educativa.com\" target=\"_blank\" rel=\"noreferrer noopener\">soporte@educativa.com<\/a>.<\/strong><\/p>\n\n\n\n<p><\/p>\n","protected":false},"excerpt":{"rendered":"<p>Cuando nos preguntan a los docentes a qu\u00e9 nos dedicamos, respondemos &#8220;doy clases&#8221;; nunca decimos &#8220;tomo ex\u00e1menes&#8221;. Y sin embargo, como observa Paola Rold\u00e1n, la evaluaci\u00f3n nos desvela tanto o m\u00e1s que el mismo acto de dar clase. Esta disociaci\u00f3n \u2014entre el momento creativo y artesanal de la clase y lo que sentimos como el [&hellip;]<\/p>\n","protected":false},"author":14,"featured_media":76588,"comment_status":"open","ping_status":"closed","sticky":false,"template":"","format":"standard","meta":{"_acf_changed":false,"footnotes":""},"categories":[273,276,277,274,278],"tags":[64,43,41],"class_list":["post-76577","post","type-post","status-publish","format-standard","has-post-thumbnail","hentry","category-actualizaciones","category-ayuda-tecnica","category-buenas-practicas-de-elearning","category-soporte","category-tutoriales-y-guias","tag-campus-virtual","tag-e-learning","tag-recursos-online"],"translation":{"provider":"WPGlobus","version":"3.0.2","language":"en","enabled_languages":["es","en"],"languages":{"es":{"title":true,"content":true,"excerpt":false},"en":{"title":false,"content":false,"excerpt":false}}},"acf":[],"_links":{"self":[{"href":"https:\/\/www.educativa.com\/en\/wp-json\/wp\/v2\/posts\/76577","targetHints":{"allow":["GET"]}}],"collection":[{"href":"https:\/\/www.educativa.com\/en\/wp-json\/wp\/v2\/posts"}],"about":[{"href":"https:\/\/www.educativa.com\/en\/wp-json\/wp\/v2\/types\/post"}],"author":[{"embeddable":true,"href":"https:\/\/www.educativa.com\/en\/wp-json\/wp\/v2\/users\/14"}],"replies":[{"embeddable":true,"href":"https:\/\/www.educativa.com\/en\/wp-json\/wp\/v2\/comments?post=76577"}],"version-history":[{"count":4,"href":"https:\/\/www.educativa.com\/en\/wp-json\/wp\/v2\/posts\/76577\/revisions"}],"predecessor-version":[{"id":76598,"href":"https:\/\/www.educativa.com\/en\/wp-json\/wp\/v2\/posts\/76577\/revisions\/76598"}],"wp:featuredmedia":[{"embeddable":true,"href":"https:\/\/www.educativa.com\/en\/wp-json\/wp\/v2\/media\/76588"}],"wp:attachment":[{"href":"https:\/\/www.educativa.com\/en\/wp-json\/wp\/v2\/media?parent=76577"}],"wp:term":[{"taxonomy":"category","embeddable":true,"href":"https:\/\/www.educativa.com\/en\/wp-json\/wp\/v2\/categories?post=76577"},{"taxonomy":"post_tag","embeddable":true,"href":"https:\/\/www.educativa.com\/en\/wp-json\/wp\/v2\/tags?post=76577"}],"curies":[{"name":"wp","href":"https:\/\/api.w.org\/{rel}","templated":true}]}}