
{"id":76170,"date":"2025-08-04T12:42:26","date_gmt":"2025-08-04T15:42:26","guid":{"rendered":"https:\/\/www.educativa.com\/?p=76170"},"modified":"2025-09-29T10:37:15","modified_gmt":"2025-09-29T13:37:15","slug":"curso-creacion-de-materiales-didacticos-digitales","status":"publish","type":"post","link":"https:\/\/www.educativa.com\/en\/blog-articulos\/curso-creacion-de-materiales-didacticos-digitales\/","title":{"rendered":"Curso Creaci\u00f3n de Materiales Did\u00e1cticos Digitales"},"content":{"rendered":"\n<h3 class=\"wp-block-heading\"><strong><em>El conocimiento tecnol\u00f3gico ya no tiene que ser un desaf\u00edo. Descubre c\u00f3mo integrar efectivamente las herramientas digitales en tu pr\u00e1ctica docente cotidiana.<\/em><\/strong><\/h3>\n\n\n\n<figure class=\"wp-block-image size-full\"><img loading=\"lazy\" decoding=\"async\" width=\"860\" height=\"430\" src=\"https:\/\/www.educativa.com\/wp-content\/uploads\/2025\/08\/curso-1.png\" alt=\"\" class=\"wp-image-76171\" srcset=\"https:\/\/www.educativa.com\/wp-content\/uploads\/2025\/08\/curso-1.png 860w, https:\/\/www.educativa.com\/wp-content\/uploads\/2025\/08\/curso-1-300x150.png 300w, https:\/\/www.educativa.com\/wp-content\/uploads\/2025\/08\/curso-1-768x384.png 768w\" sizes=\"auto, (max-width: 860px) 100vw, 860px\" \/><\/figure>\n\n\n\n<p>Por tu trabajo, seguramente, ya cuentas con el conocimiento necesario que te da tu formaci\u00f3n y experiencia. Sin embargo, sabemos que la integraci\u00f3n del conocimiento tecnol\u00f3gico y todas sus intersecciones se constituyen en un gran desaf\u00edo. Este conocimiento tecnol\u00f3gico, pedag\u00f3gico y disciplinar es precisamente el que ponemos en juego para cada una de las decisiones que tomamos al utilizar recursos digitales en el aula.<\/p>\n\n\n\n<p>Te proponemos entrar en el mundo de la creaci\u00f3n de los tipos de materiales did\u00e1cticos digitales m\u00e1s populares. En este curso analizaremos recomendaciones pr\u00e1cticas, veremos perspectivas te\u00f3ricas actuales y conocer\u00e1s las herramientas de desarrollo m\u00e1s utilizadas por docentes para producir presentaciones audiovisuales, creaci\u00f3n y edici\u00f3n de im\u00e1genes, infograf\u00edas, organizadores gr\u00e1ficos, podcast y paisajes sonoros, y el uso efectivo del video en el aula.<\/p>\n\n\n\n<p>Para quienes se animen a dar un paso m\u00e1s, tambi\u00e9n abordaremos la animaci\u00f3n de historias, actividades interactivas y juegos serios, realidad virtual y aumentada, adem\u00e1s de compartir enlaces a recursos adicionales que ampliar\u00e1n tu repertorio de herramientas digitales.<\/p>\n\n\n\n<hr class=\"wp-block-separator has-text-color has-vivid-red-color has-alpha-channel-opacity has-vivid-red-background-color has-background is-style-dots\"\/>\n\n\n\n<p><strong>Este curso se ofrece completamente gratis.<\/strong> Solo necesitas solicitarlo y comenzar\u00e1s a transformar tu pr\u00e1ctica docente integrando de manera efectiva la tecnolog\u00eda en cada decisi\u00f3n pedag\u00f3gica que tomes en el aula.<\/p>\n\n\n\n<div class=\"wp-block-buttons is-layout-flex wp-block-buttons-is-layout-flex\">\n<div class=\"wp-block-button has-custom-width wp-block-button__width-50\"><a class=\"wp-block-button__link has-vivid-red-background-color has-background wp-element-button\" href=\"https:\/\/web.whatsapp.com\/send?phone=543416123613&amp;text=Necesito+contactarme+con+la+mesa+de+ayuda+de+educativa.\">Solicitar el curso.<\/a><\/div>\n<\/div>\n\n\n\n<p><\/p>\n","protected":false},"excerpt":{"rendered":"<p>El conocimiento tecnol\u00f3gico ya no tiene que ser un desaf\u00edo. Descubre c\u00f3mo integrar efectivamente las herramientas digitales en tu pr\u00e1ctica docente cotidiana. Por tu trabajo, seguramente, ya cuentas con el conocimiento necesario que te da tu formaci\u00f3n y experiencia. Sin embargo, sabemos que la integraci\u00f3n del conocimiento tecnol\u00f3gico y todas sus intersecciones se constituyen en [&hellip;]<\/p>\n","protected":false},"author":14,"featured_media":76171,"comment_status":"open","ping_status":"closed","sticky":false,"template":"","format":"standard","meta":{"_acf_changed":false,"footnotes":""},"categories":[276,277,7,1],"tags":[43,115],"class_list":["post-76170","post","type-post","status-publish","format-standard","has-post-thumbnail","hentry","category-ayuda-tecnica","category-buenas-practicas-de-elearning","category-eventos","category-institucional","tag-e-learning","tag-recursos-gratuitos"],"translation":{"provider":"WPGlobus","version":"3.0.2","language":"en","enabled_languages":["es","en"],"languages":{"es":{"title":true,"content":true,"excerpt":false},"en":{"title":false,"content":false,"excerpt":false}}},"acf":[],"_links":{"self":[{"href":"https:\/\/www.educativa.com\/en\/wp-json\/wp\/v2\/posts\/76170","targetHints":{"allow":["GET"]}}],"collection":[{"href":"https:\/\/www.educativa.com\/en\/wp-json\/wp\/v2\/posts"}],"about":[{"href":"https:\/\/www.educativa.com\/en\/wp-json\/wp\/v2\/types\/post"}],"author":[{"embeddable":true,"href":"https:\/\/www.educativa.com\/en\/wp-json\/wp\/v2\/users\/14"}],"replies":[{"embeddable":true,"href":"https:\/\/www.educativa.com\/en\/wp-json\/wp\/v2\/comments?post=76170"}],"version-history":[{"count":3,"href":"https:\/\/www.educativa.com\/en\/wp-json\/wp\/v2\/posts\/76170\/revisions"}],"predecessor-version":[{"id":76596,"href":"https:\/\/www.educativa.com\/en\/wp-json\/wp\/v2\/posts\/76170\/revisions\/76596"}],"wp:featuredmedia":[{"embeddable":true,"href":"https:\/\/www.educativa.com\/en\/wp-json\/wp\/v2\/media\/76171"}],"wp:attachment":[{"href":"https:\/\/www.educativa.com\/en\/wp-json\/wp\/v2\/media?parent=76170"}],"wp:term":[{"taxonomy":"category","embeddable":true,"href":"https:\/\/www.educativa.com\/en\/wp-json\/wp\/v2\/categories?post=76170"},{"taxonomy":"post_tag","embeddable":true,"href":"https:\/\/www.educativa.com\/en\/wp-json\/wp\/v2\/tags?post=76170"}],"curies":[{"name":"wp","href":"https:\/\/api.w.org\/{rel}","templated":true}]}}