
{"id":74984,"date":"2025-05-06T10:03:24","date_gmt":"2025-05-06T13:03:24","guid":{"rendered":"https:\/\/www.educativa.com\/?p=74984"},"modified":"2025-08-04T13:41:03","modified_gmt":"2025-08-04T16:41:03","slug":"conoce-las-novedades-que-tenemos-para-vos","status":"publish","type":"post","link":"https:\/\/www.educativa.com\/en\/blog-articulos\/conoce-las-novedades-que-tenemos-para-vos\/","title":{"rendered":"Descubre todas las novedades que tenemos preparadas"},"content":{"rendered":"\n<figure class=\"wp-block-image size-full\"><img loading=\"lazy\" decoding=\"async\" width=\"860\" height=\"573\" src=\"https:\/\/www.educativa.com\/wp-content\/uploads\/2025\/05\/novedades_860.png\" alt=\"novedades\" class=\"wp-image-75074\" srcset=\"https:\/\/www.educativa.com\/wp-content\/uploads\/2025\/05\/novedades_860.png 860w, https:\/\/www.educativa.com\/wp-content\/uploads\/2025\/05\/novedades_860-300x200.png 300w, https:\/\/www.educativa.com\/wp-content\/uploads\/2025\/05\/novedades_860-768x512.png 768w\" sizes=\"auto, (max-width: 860px) 100vw, 860px\" \/><\/figure>\n\n\n\n<h3 class=\"wp-block-heading\">Campus virtual: <\/h3>\n\n\n\n<h4 class=\"wp-block-heading\"><strong>A<strong>ctualizaci\u00f3n del Navegador de Unidades (vista docente)<\/strong><\/strong><\/h4>\n\n\n\n<ul class=\"wp-block-list\">\n<li><strong>Indicadores de estado:<\/strong> Los \u00edconos ahora reflejan el estado actual de cada unidad:\n<ul class=\"wp-block-list\">\n<li>Cerrada<\/li>\n\n\n\n<li>Correlativa (requiere completar unidades previas)<\/li>\n\n\n\n<li>Cerrada con apertura autom\u00e1tica programada<\/li>\n<\/ul>\n<\/li>\n\n\n\n<li><strong>Dise\u00f1o de bloques:<\/strong> Los fondos de las unidades cambian de color seg\u00fan el tipo de contenido:\n<ul class=\"wp-block-list\">\n<li><strong>Azul:<\/strong>&nbsp;El fondo del bloque de la unidad se muestra en azul (atenuado) cuando en la unidad no hay ning\u00fan contenido obligatorio.<\/li>\n\n\n\n<li><strong>Rojo:<\/strong> El fondo del bloque de la unidad se muestra en rojo (atenuado) cuando en la unidad hay al menos un contenido obligatorio.<\/li>\n\n\n\n<li><strong>Verde:<\/strong>&nbsp;Los \u00edconos de color verde de fondo se muestran a usuarios alumnos cuando han completado todos los \u00edtems obligatorios de la misma (y fondo azul si la unidad solo ten\u00eda \u00edtems opcionales).<\/li>\n<\/ul>\n<\/li>\n<\/ul>\n\n\n\n<p><a href=\"https:\/\/manuales.educativa.com\/estable\/open\/aula\/front\/es\/html\/Iniciodocente.html\">Acceso al manual<\/a><\/p>\n\n\n\n<h4 class=\"wp-block-heading\"><strong>Mejoras en el M\u00f3dulo de Programa<\/strong><\/h4>\n\n\n\n<ul class=\"wp-block-list\">\n<li><strong>C\u00e1lculo de contenido pendiente:<\/strong>\n<ul class=\"wp-block-list\">\n<li>El disco de avance ahora incluye&nbsp;<strong>todos<\/strong>&nbsp;los contenidos pendientes, incluso aquellos en unidades inaccesibles (cerradas o correlativas).<\/li>\n\n\n\n<li><strong>Diferenciaci\u00f3n visual:<\/strong>\n<ul class=\"wp-block-list\">\n<li><strong>Rojo:<\/strong>&nbsp;Contenidos pendientes en unidades accesibles.<\/li>\n\n\n\n<li><strong>Gris:<\/strong>&nbsp;Contenidos pendientes en unidades bloqueadas.<\/li>\n<\/ul>\n<\/li>\n<\/ul>\n<\/li>\n\n\n\n<li><strong>Flexibilidad de visualizaci\u00f3n:<\/strong>\n<ul class=\"wp-block-list\">\n<li>Los usuarios pueden alternar entre una&nbsp;<strong>vista completa<\/strong>&nbsp;del bloque de Programa o la&nbsp;<strong>vista compacta<\/strong>&nbsp;(similar a la versi\u00f3n anterior). En la configuraci\u00f3n del aula encontraremos la opci\u00f3n de visualizaci\u00f3n del bloque. Por defecto se muestra desplegado.<\/li>\n<\/ul>\n<\/li>\n<\/ul>\n\n\n\n<figure class=\"wp-block-image size-full is-resized\"><img loading=\"lazy\" decoding=\"async\" width=\"600\" height=\"367\" src=\"https:\/\/www.educativa.com\/wp-content\/uploads\/2025\/05\/configuracion-aula.png\" alt=\"\" class=\"wp-image-75092\" style=\"width:680px;height:auto\" srcset=\"https:\/\/www.educativa.com\/wp-content\/uploads\/2025\/05\/configuracion-aula.png 600w, https:\/\/www.educativa.com\/wp-content\/uploads\/2025\/05\/configuracion-aula-300x184.png 300w\" sizes=\"auto, (max-width: 600px) 100vw, 600px\" \/><\/figure>\n\n\n\n<h4 class=\"wp-block-heading\"><strong>Nuevo Webservice: Gesti\u00f3n de Campos de Clasificaci\u00f3n<\/strong><\/h4>\n\n\n\n<ul class=\"wp-block-list\">\n<li><strong>M\u00e9todo:<\/strong>\u2063 <code>asignar_valores_clasificacion<\/code><\/li>\n\n\n\n<li><strong>Funcionalidades<\/strong>\n<ul class=\"wp-block-list\">\n<li>Crear nuevos campos de clasificaci\u00f3n para aulas junto con sus valores iniciales.<\/li>\n\n\n\n<li>A\u00f1adir valores adicionales a campos de clasificaci\u00f3n existentes.<\/li>\n<\/ul>\n<\/li>\n<\/ul>\n\n\n\n<hr class=\"wp-block-separator has-alpha-channel-opacity is-style-dots\"\/>\n\n\n\n<h3 class=\"wp-block-heading\">PLATAFORMA EJECUTIVA<\/h3>\n\n\n\n<p><\/p>\n\n\n\n<h4 class=\"wp-block-heading\"><strong>Mejoras en la interfaz general<\/strong>: Implementaci\u00f3n de barra de accesos r\u00e1pidos al Escritorio<\/h4>\n\n\n\n<ul class=\"wp-block-list\">\n<li>Todos los men\u00fas disponibles en la pantalla de Escritorio ahora son accesibles desde atajos directos en la p\u00e1gina principal.<\/li>\n\n\n\n<li>Sistema de visualizaci\u00f3n personalizable:\n<ul class=\"wp-block-list\">\n<li><strong>Modo Compacto<\/strong>: Visualizaci\u00f3n minimalista con solo \u00edconos.<\/li>\n\n\n\n<li><strong>Modo Extendido<\/strong>: Visualizaci\u00f3n completa con iconos y etiquetas descriptivas.<\/li>\n<\/ul>\n<\/li>\n<\/ul>\n\n\n\n<h4 class=\"wp-block-heading\"><strong>Redise\u00f1o del M\u00f3dulo de Formaci\u00f3n<\/strong>: Actualizaci\u00f3n integral de la interfaz<\/h4>\n\n\n\n<ul class=\"wp-block-list\">\n<li>Nueva disposici\u00f3n visual en la pantalla principal de Formaci\u00f3n.<\/li>\n\n\n\n<li>Redise\u00f1o completo de la vista Escritorio-Formaci\u00f3n con mejoras en:\n<ul class=\"wp-block-list\">\n<li>Organizaci\u00f3n de contenidos<\/li>\n\n\n\n<li>Experiencia de navegaci\u00f3n<\/li>\n\n\n\n<li>Accesibilidad visual<\/li>\n<\/ul>\n<\/li>\n<\/ul>\n\n\n\n<h4 class=\"wp-block-heading\"><strong>Optimizaci\u00f3n del M\u00f3dulo de Gesti\u00f3n del Desempe\u00f1o<\/strong>: Nueva funcionalidad de edici\u00f3n din\u00e1mica<\/h4>\n\n\n\n<ul class=\"wp-block-list\">\n<li>Flexibilizaci\u00f3n en la administraci\u00f3n de competencias:\n<ul class=\"wp-block-list\">\n<li>Posibilidad de desactivar competencias en ciclos activos.<\/li>\n\n\n\n<li>Disponible exclusivamente durante las fases de:\n<ul class=\"wp-block-list\">\n<li>Planificaci\u00f3n inicial<\/li>\n\n\n\n<li>Seguimiento continuo<\/li>\n<\/ul>\n<\/li>\n<\/ul>\n<\/li>\n<\/ul>\n\n\n\n<div class=\"wp-block-buttons is-layout-flex wp-block-buttons-is-layout-flex\">\n<div class=\"wp-block-button has-custom-width wp-block-button__width-50\"><a class=\"wp-block-button__link has-white-color has-vivid-red-background-color has-text-color has-background has-link-color wp-element-button\" href=\"https:\/\/web.whatsapp.com\/send?phone=543416123613&amp;text=Necesito+contactarme+con+la+mesa+de+ayuda+de+educativa.\"><strong>Solicitar actualizaci\u00f3n<\/strong><\/a><\/div>\n<\/div>\n\n\n\n<p><em>Recuerda que las actualizaciones de nuestros productos est\u00e1n incluidas en el abono. \u00a1Son sin costo adicional!<\/em><\/p>\n\n\n\n<p><\/p>\n","protected":false},"excerpt":{"rendered":"<p>Campus virtual: Actualizaci\u00f3n del Navegador de Unidades (vista docente) Acceso al manual Mejoras en el M\u00f3dulo de Programa Nuevo Webservice: Gesti\u00f3n de Campos de Clasificaci\u00f3n PLATAFORMA EJECUTIVA Mejoras en la interfaz general: Implementaci\u00f3n de barra de accesos r\u00e1pidos al Escritorio Redise\u00f1o del M\u00f3dulo de Formaci\u00f3n: Actualizaci\u00f3n integral de la interfaz Optimizaci\u00f3n del M\u00f3dulo de Gesti\u00f3n [&hellip;]<\/p>\n","protected":false},"author":14,"featured_media":75074,"comment_status":"open","ping_status":"closed","sticky":false,"template":"","format":"standard","meta":{"_acf_changed":false,"footnotes":""},"categories":[273,277,1,278],"tags":[43,73,74],"class_list":["post-74984","post","type-post","status-publish","format-standard","has-post-thumbnail","hentry","category-actualizaciones","category-buenas-practicas-de-elearning","category-institucional","category-tutoriales-y-guias","tag-e-learning","tag-educativa-2","tag-formacion-online"],"translation":{"provider":"WPGlobus","version":"3.0.2","language":"en","enabled_languages":["es","en"],"languages":{"es":{"title":true,"content":true,"excerpt":false},"en":{"title":false,"content":false,"excerpt":false}}},"acf":[],"_links":{"self":[{"href":"https:\/\/www.educativa.com\/en\/wp-json\/wp\/v2\/posts\/74984","targetHints":{"allow":["GET"]}}],"collection":[{"href":"https:\/\/www.educativa.com\/en\/wp-json\/wp\/v2\/posts"}],"about":[{"href":"https:\/\/www.educativa.com\/en\/wp-json\/wp\/v2\/types\/post"}],"author":[{"embeddable":true,"href":"https:\/\/www.educativa.com\/en\/wp-json\/wp\/v2\/users\/14"}],"replies":[{"embeddable":true,"href":"https:\/\/www.educativa.com\/en\/wp-json\/wp\/v2\/comments?post=74984"}],"version-history":[{"count":4,"href":"https:\/\/www.educativa.com\/en\/wp-json\/wp\/v2\/posts\/74984\/revisions"}],"predecessor-version":[{"id":75120,"href":"https:\/\/www.educativa.com\/en\/wp-json\/wp\/v2\/posts\/74984\/revisions\/75120"}],"wp:featuredmedia":[{"embeddable":true,"href":"https:\/\/www.educativa.com\/en\/wp-json\/wp\/v2\/media\/75074"}],"wp:attachment":[{"href":"https:\/\/www.educativa.com\/en\/wp-json\/wp\/v2\/media?parent=74984"}],"wp:term":[{"taxonomy":"category","embeddable":true,"href":"https:\/\/www.educativa.com\/en\/wp-json\/wp\/v2\/categories?post=74984"},{"taxonomy":"post_tag","embeddable":true,"href":"https:\/\/www.educativa.com\/en\/wp-json\/wp\/v2\/tags?post=74984"}],"curies":[{"name":"wp","href":"https:\/\/api.w.org\/{rel}","templated":true}]}}