
{"id":7372,"date":"2014-11-27T05:47:28","date_gmt":"2014-11-27T08:47:28","guid":{"rendered":"http:\/\/www.educativa.com\/?p=7372"},"modified":"2020-10-27T12:13:58","modified_gmt":"2020-10-27T15:13:58","slug":"congreso-iberoamericano-de-ciencia-tecnologia-innovacion-y-educacion","status":"publish","type":"post","link":"https:\/\/www.educativa.com\/en\/blog-articulos\/congreso-iberoamericano-de-ciencia-tecnologia-innovacion-y-educacion\/","title":{"rendered":"Congreso Iberoamericano de Ciencia, Tecnolog\u00eda, Innovaci\u00f3n y Educaci\u00f3n"},"content":{"rendered":"<h4 style=\"text-align: justify;\"><strong><strong>\u201cAvanzando juntos hacia las Metas Educativas<\/strong><\/strong><strong> Iberoamericanas 2021\u201d<\/strong><\/h4>\n<p style=\"text-align: right;\"><strong> <strong>Buenos Aires, Argentina<\/strong><br \/>\n<strong>12, 13 y 14 de noviembre 2014<\/strong><\/strong><\/p>\n<p style=\"text-align: justify;\">En el a\u00f1o 2010 fue aprobado el proyecto promovido por la OEI, <em>Metas Educativas 2021: la educaci\u00f3n que queremos para la generaci\u00f3n de los Bicentenarios<\/em> en la Conferencia de Ministros de Educaci\u00f3n y, posteriormente, en la XX Cumbre Iberoamericana de Jefes y Jefas de Estado y de Gobierno reunida en Mar del Plata, Argentina.<\/p>\n<h4><strong><strong><img loading=\"lazy\" decoding=\"async\" class=\"aligncenter\" title=\"congresoiberoamericano\" src=\"https:\/\/www.educativa.com\/wp-content\/uploads\/2014\/11\/congresoiberoamericano-620x465.jpg\" alt=\"\" width=\"514\" height=\"385\" \/><\/strong><\/strong><\/h4>\n<p style=\"text-align: justify;\">Este proyecto tiene por objeto elevar la calidad y la equidad educativa en la regi\u00f3n y conseguir sociedades m\u00e1s libres y democr\u00e1ticas. El mismo fue el resultado de un amplio proceso de debate que culmin\u00f3 con la celebraci\u00f3n del \u201cCongreso Iberoamericano de Educaci\u00f3n: Construyendo juntos las Metas Educativas\u201dcon la participaci\u00f3n de m\u00e1s de 2.500 docentes y especialistas en educaci\u00f3n de Iberoam\u00e9rica.<\/p>\n<p style=\"text-align: justify;\">Este a\u00f1o e-ducativa ha participado como instituci\u00f3n colaboradora, formando parte de este proceso de cambio en el paradigma educativo, con un balance muy positivo del evento.<\/p>\n<p style=\"text-align: justify;\">Ver m\u00e1s en: <a title=\"OEI\" href=\"http:\/\/www.oei.es\/congreso2014\/\" target=\"_blank\" rel=\"noopener noreferrer\">http:\/\/www.oei.es\/congreso2014\/<\/a><\/p>\n<p><strong data-rich-text-format-boundary=\"true\">Virginia Gait\u00e1n<\/strong><\/p>\n","protected":false},"excerpt":{"rendered":"<p>\u201cAvanzando juntos hacia las Metas Educativas Iberoamericanas 2021\u201d Buenos Aires, Argentina 12, 13 y 14 de noviembre 2014 En el a\u00f1o 2010 fue aprobado el proyecto promovido por la OEI, Metas Educativas 2021: la educaci\u00f3n que queremos para la generaci\u00f3n de los Bicentenarios en la Conferencia de Ministros de Educaci\u00f3n y, posteriormente, en la XX [&hellip;]<\/p>\n","protected":false},"author":14,"featured_media":7379,"comment_status":"open","ping_status":"open","sticky":false,"template":"","format":"standard","meta":{"_acf_changed":false,"footnotes":""},"categories":[1],"tags":[60,61,62,17,24,63],"class_list":["post-7372","post","type-post","status-publish","format-standard","has-post-thumbnail","hentry","category-institucional","tag-ciencia","tag-congreso-iberoamericano","tag-e-leraning","tag-educacion","tag-innovacion","tag-tecnologia"],"translation":{"provider":"WPGlobus","version":"3.0.2","language":"en","enabled_languages":["es","en"],"languages":{"es":{"title":true,"content":true,"excerpt":false},"en":{"title":false,"content":false,"excerpt":false}}},"acf":[],"_links":{"self":[{"href":"https:\/\/www.educativa.com\/en\/wp-json\/wp\/v2\/posts\/7372","targetHints":{"allow":["GET"]}}],"collection":[{"href":"https:\/\/www.educativa.com\/en\/wp-json\/wp\/v2\/posts"}],"about":[{"href":"https:\/\/www.educativa.com\/en\/wp-json\/wp\/v2\/types\/post"}],"author":[{"embeddable":true,"href":"https:\/\/www.educativa.com\/en\/wp-json\/wp\/v2\/users\/14"}],"replies":[{"embeddable":true,"href":"https:\/\/www.educativa.com\/en\/wp-json\/wp\/v2\/comments?post=7372"}],"version-history":[{"count":2,"href":"https:\/\/www.educativa.com\/en\/wp-json\/wp\/v2\/posts\/7372\/revisions"}],"predecessor-version":[{"id":21705,"href":"https:\/\/www.educativa.com\/en\/wp-json\/wp\/v2\/posts\/7372\/revisions\/21705"}],"wp:featuredmedia":[{"embeddable":true,"href":"https:\/\/www.educativa.com\/en\/wp-json\/"}],"wp:attachment":[{"href":"https:\/\/www.educativa.com\/en\/wp-json\/wp\/v2\/media?parent=7372"}],"wp:term":[{"taxonomy":"category","embeddable":true,"href":"https:\/\/www.educativa.com\/en\/wp-json\/wp\/v2\/categories?post=7372"},{"taxonomy":"post_tag","embeddable":true,"href":"https:\/\/www.educativa.com\/en\/wp-json\/wp\/v2\/tags?post=7372"}],"curies":[{"name":"wp","href":"https:\/\/api.w.org\/{rel}","templated":true}]}}