
{"id":7052,"date":"2014-06-10T11:29:23","date_gmt":"2014-06-10T14:29:23","guid":{"rendered":"http:\/\/www.educativa.com\/?p=7052"},"modified":"2020-10-27T12:21:01","modified_gmt":"2020-10-27T15:21:01","slug":"especializaciones-gratuitas-para-docentes-argentinos","status":"publish","type":"post","link":"https:\/\/www.educativa.com\/en\/blog-articulos\/especializaciones-gratuitas-para-docentes-argentinos\/","title":{"rendered":"Especializaciones gratuitas para docentes argentinos"},"content":{"rendered":"<p style=\"text-align: justify;\">En el marco del Programa Nacional de Formaci\u00f3n Permanente, el\u00a0<strong>Ministerio de Educaci\u00f3n de la Naci\u00f3n<\/strong>\u00a0invita a profesores de Educaci\u00f3n Primaria y a los formadores de docentes a participar de las Especializaciones docentes de nivel superior en Educaci\u00f3n Primaria y TIC. Son de car\u00e1cter gratuito, semipresencial y tienen dos a\u00f1os de duraci\u00f3n (400 horas reloj).<\/p>\n<p><img loading=\"lazy\" decoding=\"async\" class=\"size-full wp-image-7053 aligncenter\" title=\"formacion doncente gratuita\" src=\"https:\/\/www.educativa.com\/wp-content\/uploads\/2014\/06\/formacion-doncente-gratuita.jpg\" alt=\"\" width=\"600\" height=\"454\" \/><\/p>\n<p style=\"text-align: justify;\">Tienen como objetivo formar a los docentes de nivel primario del sistema educativo argentino y a los formadores del nivel en el uso pedag\u00f3gico de las tecnolog\u00edas de la informaci\u00f3n y la comunicaci\u00f3n (TIC), promover la producci\u00f3n de nuevos saberes para la ense\u00f1anza y el aprendizaje, y estimular la reflexi\u00f3n sobre las pr\u00e1cticas.<\/p>\n<p style=\"text-align: justify;\">La inscripci\u00f3n estar\u00e1 abierta del\u00a0<strong>16 de junio\u00a0<\/strong>al<strong>\u00a06 de julio de 2014<\/strong>.<\/p>\n<p style=\"text-align: justify;\"><strong>Para preinscribirse, ingresar en el sitio web\u00a0<\/strong><a href=\"http:\/\/postituloprimariatic.educacion.gob.ar\/\" target=\"_blank\" rel=\"noopener noreferrer\"><strong>http:\/\/postituloprimariatic.educacion.gob.ar\/<\/strong><\/a><strong>\u00a0en el per\u00edodo de inscripci\u00f3n correspondiente.<\/strong><\/p>\n<p style=\"text-align: justify;\"><strong>Certificaci\u00f3n<br \/>\n<\/strong>Otorgan el t\u00edtulo de especialista docente de nivel superior en Educaci\u00f3n Primaria y TIC y el de especialista docente de nivel superior en Educaci\u00f3n Primaria y TIC para formadores del nivel, respectivamente.<\/p>\n<p style=\"text-align: justify;\">Para m\u00e1s informaci\u00f3n:\u00a0<a href=\"http:\/\/postituloprimariatic.educacion.gob.ar\/\" target=\"_blank\" rel=\"noopener noreferrer\"><strong>http:\/\/postituloprimariatic.educacion.gob.ar\/<\/strong><\/a><\/p>\n<p style=\"text-align: justify;\">Para consultas:\u00a0<a href=\"mailto:primariatic@infd.edu.ar\" target=\"_blank\" rel=\"noopener noreferrer\"><strong>primariatic@infd.edu.ar<\/strong><\/a>\u00a0\/ 0800-222-1798 (de lunes a viernes de 9 a 19 h)<\/p>\n<p><strong data-rich-text-format-boundary=\"true\">Virginia Gait\u00e1n<\/strong><\/p>\n","protected":false},"excerpt":{"rendered":"<p>En el marco del Programa Nacional de Formaci\u00f3n Permanente, el\u00a0Ministerio de Educaci\u00f3n de la Naci\u00f3n\u00a0invita a profesores de Educaci\u00f3n Primaria y a los formadores de docentes a participar de las Especializaciones docentes de nivel superior en Educaci\u00f3n Primaria y TIC. Son de car\u00e1cter gratuito, semipresencial y tienen dos a\u00f1os de duraci\u00f3n (400 horas reloj). Tienen [&hellip;]<\/p>\n","protected":false},"author":14,"featured_media":7053,"comment_status":"open","ping_status":"open","sticky":false,"template":"","format":"standard","meta":{"_acf_changed":false,"footnotes":""},"categories":[1],"tags":[53,54,55,56],"class_list":["post-7052","post","type-post","status-publish","format-standard","has-post-thumbnail","hentry","category-institucional","tag-e-learning-para-docentes","tag-educacion-argentina","tag-especializacion-docente","tag-formacion-docente"],"translation":{"provider":"WPGlobus","version":"3.0.2","language":"en","enabled_languages":["es","en"],"languages":{"es":{"title":true,"content":true,"excerpt":false},"en":{"title":false,"content":false,"excerpt":false}}},"acf":[],"_links":{"self":[{"href":"https:\/\/www.educativa.com\/en\/wp-json\/wp\/v2\/posts\/7052","targetHints":{"allow":["GET"]}}],"collection":[{"href":"https:\/\/www.educativa.com\/en\/wp-json\/wp\/v2\/posts"}],"about":[{"href":"https:\/\/www.educativa.com\/en\/wp-json\/wp\/v2\/types\/post"}],"author":[{"embeddable":true,"href":"https:\/\/www.educativa.com\/en\/wp-json\/wp\/v2\/users\/14"}],"replies":[{"embeddable":true,"href":"https:\/\/www.educativa.com\/en\/wp-json\/wp\/v2\/comments?post=7052"}],"version-history":[{"count":2,"href":"https:\/\/www.educativa.com\/en\/wp-json\/wp\/v2\/posts\/7052\/revisions"}],"predecessor-version":[{"id":21722,"href":"https:\/\/www.educativa.com\/en\/wp-json\/wp\/v2\/posts\/7052\/revisions\/21722"}],"wp:featuredmedia":[{"embeddable":true,"href":"https:\/\/www.educativa.com\/en\/wp-json\/"}],"wp:attachment":[{"href":"https:\/\/www.educativa.com\/en\/wp-json\/wp\/v2\/media?parent=7052"}],"wp:term":[{"taxonomy":"category","embeddable":true,"href":"https:\/\/www.educativa.com\/en\/wp-json\/wp\/v2\/categories?post=7052"},{"taxonomy":"post_tag","embeddable":true,"href":"https:\/\/www.educativa.com\/en\/wp-json\/wp\/v2\/tags?post=7052"}],"curies":[{"name":"wp","href":"https:\/\/api.w.org\/{rel}","templated":true}]}}