
{"id":696,"date":"2010-08-27T16:50:27","date_gmt":"2010-08-27T19:50:27","guid":{"rendered":"http:\/\/www.educativa.com\/?p=696"},"modified":"2020-10-27T12:31:55","modified_gmt":"2020-10-27T15:31:55","slug":"educadores-podran-capacitarse-en-nuevas-tecnologias-y-comunicacion","status":"publish","type":"post","link":"https:\/\/www.educativa.com\/en\/blog-articulos\/educadores-podran-capacitarse-en-nuevas-tecnologias-y-comunicacion\/","title":{"rendered":"Educadores podr\u00e1n capacitarse en nuevas tecnolog\u00edas y comunicaci\u00f3n"},"content":{"rendered":"<p>El ministro de Educaci\u00f3n, Alberto Sileoni, anunci\u00f3 el inicio de un seminario organizado por el Instituto Nacional de Formaci\u00f3n Docente, cuyo objetivo es que los profesionales problematicen la dimensi\u00f3n cultural de los procesos tecnol\u00f3gicos.?<\/p>\n<p>El Instituto Nacional de Formaci\u00f3n Docente (INFD) present\u00f3 el Seminario Comunicaci\u00f3n y Ciudadan\u00eda: para transformar la informaci\u00f3n en conocimiento, un curso destinado a ofrecer una visi\u00f3n cr\u00edtica sobre el manejo de informaci\u00f3n. Su intenci\u00f3n es problematizar la dimensi\u00f3n cultural de los procesos tecnol\u00f3gicos y su relaci\u00f3n con la formaci\u00f3n escolar.<\/p>\n<p><span>El anuncio se realiz\u00f3 el estuvo a cargo del ministro de Educaci\u00f3n de la Naci\u00f3n, <strong>Alberto Sileoni<\/strong>, y la directora del INFD, <strong>Graciela Lombardi<\/strong>, y coincidi\u00f3 con el inicio de la modalidad modalidad virtual para profesores de los institutos de formaci\u00f3n docente (IFDs). Los estudiantes todav\u00eda tienen tiempo de anotarse hasta el <strong>29 de septiembre<\/strong>.<\/span><\/p>\n<p>El objetivo del seminario es abordar la relaci\u00f3n entre comunicaci\u00f3n, nuevas tecnolog\u00edas y procesos educativos. Seg\u00fan se describe en la p\u00e1gina del Instituto, el desaf\u00edo es conseguir en los formadores una comprensi\u00f3n integral del proceso que <strong>supere la brecha tecnol\u00f3gica y la integre cr\u00edticamente a la din\u00e1mica educativa<\/strong>.<\/p>\n<p>La iniciativa se inscribe en el conjunto de acciones que el INFD desarrolla bajo la l\u00ednea <em>Entre Todos: ciudadan\u00eda y formaci\u00f3n docente<\/em>, aspirando a que los educadores profundicen la comprensi\u00f3n de la realidad, tengan nuevas formas de acceso al conocimiento y h\u00e1bitos comunicacionales, y desarrollen habilidades en los lenguajes multimediales.<\/p>\n<p><strong><span style=\"color: #0094de;\">De reojo<\/span><\/strong><\/p>\n<p>Sileoni destac\u00f3 el trabajo que realiz\u00f3 por el equipo de <strong>Gabriel Mariotto<\/strong>, titular de la Autoridad Federal de Servicios de Comunicaci\u00f3n Audiovisual, tras la sanci\u00f3n de la Ley de Servicios de Comunicaci\u00f3n Audiovisual, con el fin de recuperar la soberan\u00eda de la informaci\u00f3n. &#8220;Hemos garantizado la libertad de expresi\u00f3n&#8221;, afirm\u00f3.<\/p>\n<p>Por su parte, Mariotto aprovech\u00f3 el enfrentamiento que el Gobierno Nacional mantiene con el <strong>Grupo Clar\u00edn<\/strong> por el caso de <strong>Fibertel<\/strong>, para se\u00f1alar que \u201cla participaci\u00f3n social y el coraje c\u00edvico de la presidenta <strong>Cristina Fern\u00e1ndez<\/strong>, que desafi\u00f3 los poderes establecidos, permitieron dise\u00f1ar una nueva normativa que habilita a una mayor pluralidad de voces en los medios de comunicaci\u00f3n\u201d.<\/p>\n<p>Asimismo, se\u00f1al\u00f3 que a trav\u00e9s de la iniciativa que lanz\u00f3 el Ministerio de Educaci\u00f3n, los docentes podr\u00e1n advertir que \u201ces posible <strong>resignificar el sentido com\u00fan<\/strong> que impera en los medios y generar una nueva mirada&#8221;.<\/p>\n<p>Fuente: <a href=\"http:\/\/www.canal-ar.com.ar\/noticias\/noticiamuestra.asp?Id=9224\" target=\"_self\" rel=\"noopener noreferrer\">CanalAR<\/a><\/p>\n<p><span><br \/>\n<\/span><\/p>\n","protected":false},"excerpt":{"rendered":"<p>El desaf\u00edo es conseguir en los formadores una comprensi\u00f3n integral del proceso que supere la brecha tecnol\u00f3gica y la integre cr\u00edticamente a la din\u00e1mica educativa. <\/p>\n","protected":false},"author":14,"featured_media":0,"comment_status":"open","ping_status":"open","sticky":false,"template":"","format":"standard","meta":{"_acf_changed":false,"footnotes":""},"categories":[8],"tags":[17,105,63],"class_list":["post-696","post","type-post","status-publish","format-standard","hentry","category-prensa","tag-educacion","tag-infd","tag-tecnologia"],"translation":{"provider":"WPGlobus","version":"3.0.2","language":"en","enabled_languages":["es","en"],"languages":{"es":{"title":true,"content":true,"excerpt":true},"en":{"title":false,"content":false,"excerpt":false}}},"acf":[],"_links":{"self":[{"href":"https:\/\/www.educativa.com\/en\/wp-json\/wp\/v2\/posts\/696","targetHints":{"allow":["GET"]}}],"collection":[{"href":"https:\/\/www.educativa.com\/en\/wp-json\/wp\/v2\/posts"}],"about":[{"href":"https:\/\/www.educativa.com\/en\/wp-json\/wp\/v2\/types\/post"}],"author":[{"embeddable":true,"href":"https:\/\/www.educativa.com\/en\/wp-json\/wp\/v2\/users\/14"}],"replies":[{"embeddable":true,"href":"https:\/\/www.educativa.com\/en\/wp-json\/wp\/v2\/comments?post=696"}],"version-history":[{"count":1,"href":"https:\/\/www.educativa.com\/en\/wp-json\/wp\/v2\/posts\/696\/revisions"}],"predecessor-version":[{"id":21786,"href":"https:\/\/www.educativa.com\/en\/wp-json\/wp\/v2\/posts\/696\/revisions\/21786"}],"wp:attachment":[{"href":"https:\/\/www.educativa.com\/en\/wp-json\/wp\/v2\/media?parent=696"}],"wp:term":[{"taxonomy":"category","embeddable":true,"href":"https:\/\/www.educativa.com\/en\/wp-json\/wp\/v2\/categories?post=696"},{"taxonomy":"post_tag","embeddable":true,"href":"https:\/\/www.educativa.com\/en\/wp-json\/wp\/v2\/tags?post=696"}],"curies":[{"name":"wp","href":"https:\/\/api.w.org\/{rel}","templated":true}]}}