
{"id":6118,"date":"2013-11-13T12:43:23","date_gmt":"2013-11-13T15:43:23","guid":{"rendered":"http:\/\/www.educativa.com\/?p=6118"},"modified":"2020-10-27T12:29:05","modified_gmt":"2020-10-27T15:29:05","slug":"movilidad-el-uso-de-la-formacion-en-dispositivos-moviles","status":"publish","type":"post","link":"https:\/\/www.educativa.com\/en\/blog-articulos\/movilidad-el-uso-de-la-formacion-en-dispositivos-moviles\/","title":{"rendered":"Movilidad: El uso de la formaci\u00f3n en dispositivos m\u00f3viles"},"content":{"rendered":"<p>Anunciado, ya todos lo sab\u00edamos, lo que ven\u00eda siendo una tendencia hoy ya es una realidad. El uso del m\u00f3vil en la formaci\u00f3n es cada vez m\u00e1s habitual debido a las grandes ventajas que reporta a los usuarios, potenciando el cuando y donde quieras que ya fomentaba el e-learning pero extrapolado a cualquier momento, y ahora s\u00ed, en cualquier lugar.<\/p>\n<p>Esta caracter\u00edstica de la formaci\u00f3n a trav\u00e9s del tel\u00e9fono, denominado m-learning, permite fundamentalmente aprovechar cualquier momento que tengamos libre para avanzar con la formaci\u00f3n, estar siempre atentos a novedades y permanentemente en contacto, de tal manera que las horas de desplazamientos, tiempo de esperas, se convierten en potenciales espacios para continuar form\u00e1ndonos.<\/p>\n<p>Es muy interesante la infograf\u00eda presentada por movistar donde se recogen datos de dos fuentes: el \u201c<a href=\"http:\/\/tcanalysis.com\/blog\/posts\/iv-estudio-sobre-mobile-marketing-de-iab-spain-y-the-cocktail-analysis\" target=\"_blank\" rel=\"noopener noreferrer\">IV Estudio sobre Mobile Marketing de IAB Spain y The Cocktail Analysis<\/a>\u201c. Te recomendamos que visualices la <a href=\"http:\/\/www.contunegocio.es\/infografias\/infografia-el-uso-de-dispositivos-moviles-en-espana\/\">infograf\u00eda completa<\/a>.<\/p>\n<p>En este caso queremos analizar un dato que se desprende de dicha infograf\u00eda y que cobra importancia a la hora de plantear como llevar la formaci\u00f3n al m-learning.<strong> <a href=\"https:\/\/www.educativa.com\/blog-articulos\/movilidad-el-uso-de-la-formacion-en-dispositivos-moviles\/movilidad\/\" rel=\"attachment wp-att-6119\"><img loading=\"lazy\" decoding=\"async\" class=\"aligncenter size-full wp-image-6119\" title=\"movilidad\" src=\"https:\/\/www.educativa.com\/wp-content\/uploads\/2013\/11\/movilidad.png\" alt=\"\" width=\"652\" height=\"492\"><\/a><\/strong><\/p>\n<p><strong>En cuanto la actividad de los usuarios:<\/strong> es evidente que una de las funcionalidades que debe permitir la plataforma que utilicemos es que facilite la interacci\u00f3n con los usuarios. Claramente los usos m\u00e1s importantes en estos dispositivos son la visualizaci\u00f3n de correos y la participaci\u00f3n en redes sociales tal y como se muestra en la imagen.<\/p>\n<p><strong>En cuanto al contenido:<\/strong> hay que tener mucha precauci\u00f3n si pretendemos que nuestros alumnos visualicen nuestros cursos en un dispositivo m\u00f3vil, puesto que si el tama\u00f1o de la pantalla es reducido deberemos desarrollar cursos con tama\u00f1os de letras muy grandes, con informaci\u00f3n puntual y reducida e intentar acompa\u00f1ar de videos para que sean m\u00e1s c\u00f3modos de seguir.<\/p>\n<p>En e-ducativa hemos dise\u00f1ado una <strong>versi\u00f3n m\u00f3vil<\/strong> de la plataforma para adaptarnos a las necesidades m\u00e1s importantes de los usuarios. De esta manera, reconoce si el usuario accede a la plataforma desde un dispositivo m\u00f3vil y le consulta con qu\u00e9 versi\u00f3n desea acceder, si con la web o con las herramientas m\u00f3viles, <strong>sin necesidad de descargar<\/strong> en el dispositivo ninguna aplicaci\u00f3n.<\/p>\n<p>Al acceder con las herramientas m\u00f3viles se presentan las funcionalidades esenciales para la interacci\u00f3n permitiendo al usuario visualizar todos sus correos no le\u00eddos, redactar nuevos correos, visualizar los contactos, participar en foros y trabajar con sus notas personales, siempre con la posibilidad de moverse por los distintos cursos en los que est\u00e1 matriculado.<\/p>\n<p>En conclusi\u00f3n, es imprescindible adaptarnos a los tiempos que corren, o mejor dicho \u201cque se mueven\u201d.<\/p>\n\n\n<p><strong>Virginia Gait\u00e1n<\/strong><\/p>\n","protected":false},"excerpt":{"rendered":"<p>Anunciado, ya todos lo sab\u00edamos, lo que ven\u00eda siendo una tendencia hoy ya es una realidad. El uso del m\u00f3vil en la formaci\u00f3n es cada vez m\u00e1s habitual debido a las grandes ventajas que reporta a los usuarios, potenciando el cuando y donde quieras que ya fomentaba el e-learning pero extrapolado a cualquier momento, y [&hellip;]<\/p>\n","protected":false},"author":14,"featured_media":6119,"comment_status":"open","ping_status":"open","sticky":false,"template":"","format":"standard","meta":{"_acf_changed":false,"footnotes":""},"categories":[1],"tags":[],"class_list":["post-6118","post","type-post","status-publish","format-standard","has-post-thumbnail","hentry","category-institucional"],"translation":{"provider":"WPGlobus","version":"3.0.2","language":"en","enabled_languages":["es","en"],"languages":{"es":{"title":true,"content":true,"excerpt":false},"en":{"title":false,"content":false,"excerpt":false}}},"acf":[],"_links":{"self":[{"href":"https:\/\/www.educativa.com\/en\/wp-json\/wp\/v2\/posts\/6118","targetHints":{"allow":["GET"]}}],"collection":[{"href":"https:\/\/www.educativa.com\/en\/wp-json\/wp\/v2\/posts"}],"about":[{"href":"https:\/\/www.educativa.com\/en\/wp-json\/wp\/v2\/types\/post"}],"author":[{"embeddable":true,"href":"https:\/\/www.educativa.com\/en\/wp-json\/wp\/v2\/users\/14"}],"replies":[{"embeddable":true,"href":"https:\/\/www.educativa.com\/en\/wp-json\/wp\/v2\/comments?post=6118"}],"version-history":[{"count":3,"href":"https:\/\/www.educativa.com\/en\/wp-json\/wp\/v2\/posts\/6118\/revisions"}],"predecessor-version":[{"id":21755,"href":"https:\/\/www.educativa.com\/en\/wp-json\/wp\/v2\/posts\/6118\/revisions\/21755"}],"wp:featuredmedia":[{"embeddable":true,"href":"https:\/\/www.educativa.com\/en\/wp-json\/"}],"wp:attachment":[{"href":"https:\/\/www.educativa.com\/en\/wp-json\/wp\/v2\/media?parent=6118"}],"wp:term":[{"taxonomy":"category","embeddable":true,"href":"https:\/\/www.educativa.com\/en\/wp-json\/wp\/v2\/categories?post=6118"},{"taxonomy":"post_tag","embeddable":true,"href":"https:\/\/www.educativa.com\/en\/wp-json\/wp\/v2\/tags?post=6118"}],"curies":[{"name":"wp","href":"https:\/\/api.w.org\/{rel}","templated":true}]}}