
{"id":5622,"date":"2012-11-20T16:01:45","date_gmt":"2012-11-20T19:01:45","guid":{"rendered":"http:\/\/www.educativa.com\/?p=5622"},"modified":"2020-10-27T11:58:14","modified_gmt":"2020-10-27T14:58:14","slug":"universidad-de-chilecito","status":"publish","type":"post","link":"https:\/\/www.educativa.com\/en\/blog-articulos\/universidad-de-chilecito\/","title":{"rendered":"Universidad de Chilecito"},"content":{"rendered":"<p>La Universidad Nacional de Chilecito, eligi\u00f3 el <a href=\"https:\/\/www.educativa.com\/\">Campus educativa<\/a> para complementar sus\u00a0 actividades acad\u00e9micas presenciales;\u00a0 posibilitando de este modo un espacio abierto y flexible para la construcci\u00f3n del conocimiento sustentado en la participaci\u00f3n.<\/p>\n<p>La herramienta brinda la posiblidad a los a docentes de\u00a0 publicar diferentes contenidos de su materia, interactuar con sus alumnos de una manera din\u00e1mica y\u00a0\u00a0 tambi\u00e9n acceder a una gama variada de recursos hipermediales.<\/p>\n<p>La UNDEC, situada al pi\u00e9 del imponente macizo del Famatina (6.250 mts.) y recostada a la Sierra de Velazco (4.250 mts.) y las peque\u00f1as estribaciones del Cord\u00f3n del Paim\u00e1n, se emplaza en el centro urbano m\u00e1s importante<br \/>\nluego de las ciudades de La Rioja, Catamarca y San Juan. Chilecito es cabecera de la regi\u00f3n del Valle Antinaco &#8211; Los Colorados y con 42.000 habitantes, fue fundada por Domingo de Castro y Baz\u00e1n el 19 de Febrero de 1.715 con el nombre de Villa Santa Rita. Como capas superpuestas, persisten en el paisaje del lugar relictos incas, capillas del Siglo XVIII, casonas de estilos arquitect\u00f3nicos superpuestos, bodegas centenarias y a\u00f1osas matas de olivos a\u00f1ejos.<\/p>\n<p>En la actualidad la Universidad Nacional de Chilecito cuenta con dos Sedes, una ubicada en el centro mismo de Chilecito en donde se encuentran todas las oficinas administrativas y aulas para el dictado de clases.<br \/>\nLa otra sede es el Campus Universitario ubicado en la Localidad de Los Sarmientos (Chilecito) en donde se encuentran la oficina de despacho de alumnos, biblioteca y los\u00a0 laboratorios tanto de inform\u00e1tica como de biolog\u00eda. El\u00a0 dictado de clases se realiza en su gran mayor\u00eda en el Campus Universitario (Los Sarmientos).<\/p>\n","protected":false},"excerpt":{"rendered":"<p>La Universidad Nacional de Chilecito, eligi\u00f3 el Campus educativa para complementar sus\u00a0 actividades acad\u00e9micas presenciales;\u00a0 posibilitando de este modo un espacio abierto y flexible para la construcci\u00f3n del conocimiento sustentado en la participaci\u00f3n. La herramienta brinda la posiblidad a los a docentes de\u00a0 publicar diferentes contenidos de su materia, interactuar con sus alumnos de una [&hellip;]<\/p>\n","protected":false},"author":14,"featured_media":0,"comment_status":"open","ping_status":"open","sticky":false,"template":"","format":"standard","meta":{"_acf_changed":false,"footnotes":""},"categories":[1],"tags":[],"class_list":["post-5622","post","type-post","status-publish","format-standard","hentry","category-institucional"],"translation":{"provider":"WPGlobus","version":"3.0.2","language":"en","enabled_languages":["es","en"],"languages":{"es":{"title":true,"content":true,"excerpt":false},"en":{"title":false,"content":false,"excerpt":false}}},"acf":[],"_links":{"self":[{"href":"https:\/\/www.educativa.com\/en\/wp-json\/wp\/v2\/posts\/5622","targetHints":{"allow":["GET"]}}],"collection":[{"href":"https:\/\/www.educativa.com\/en\/wp-json\/wp\/v2\/posts"}],"about":[{"href":"https:\/\/www.educativa.com\/en\/wp-json\/wp\/v2\/types\/post"}],"author":[{"embeddable":true,"href":"https:\/\/www.educativa.com\/en\/wp-json\/wp\/v2\/users\/14"}],"replies":[{"embeddable":true,"href":"https:\/\/www.educativa.com\/en\/wp-json\/wp\/v2\/comments?post=5622"}],"version-history":[{"count":1,"href":"https:\/\/www.educativa.com\/en\/wp-json\/wp\/v2\/posts\/5622\/revisions"}],"predecessor-version":[{"id":8091,"href":"https:\/\/www.educativa.com\/en\/wp-json\/wp\/v2\/posts\/5622\/revisions\/8091"}],"wp:attachment":[{"href":"https:\/\/www.educativa.com\/en\/wp-json\/wp\/v2\/media?parent=5622"}],"wp:term":[{"taxonomy":"category","embeddable":true,"href":"https:\/\/www.educativa.com\/en\/wp-json\/wp\/v2\/categories?post=5622"},{"taxonomy":"post_tag","embeddable":true,"href":"https:\/\/www.educativa.com\/en\/wp-json\/wp\/v2\/tags?post=5622"}],"curies":[{"name":"wp","href":"https:\/\/api.w.org\/{rel}","templated":true}]}}