
{"id":26429,"date":"2021-04-09T17:08:57","date_gmt":"2021-04-09T20:08:57","guid":{"rendered":"https:\/\/www.educativa.com\/?p=26429"},"modified":"2021-04-09T17:13:23","modified_gmt":"2021-04-09T20:13:23","slug":"tu-franquicia-de-alcance-internacional","status":"publish","type":"post","link":"https:\/\/www.educativa.com\/en\/blog-articulos\/tu-franquicia-de-alcance-internacional\/","title":{"rendered":"Tu franquicia de alcance internacional"},"content":{"rendered":"\n<p>Una propuesta de <a href=\"https:\/\/www.linkedin.com\/company\/51605470\/admin\/#\">Bel\u00e9n Merino Mat\u00eda<\/a>\u00a0para aquellas empresas que ofrecen Franquicias y quieren expandir su mercado m\u00e1s all\u00e1 de los l\u00edmites geogr\u00e1ficos mediante capacitaciones online a sus franquiciados.  <\/p>\n\n\n\n<div style=\"height:30px\" aria-hidden=\"true\" class=\"wp-block-spacer\"><\/div>\n\n\n\n<figure class=\"wp-block-image is-resized\"><img loading=\"lazy\" decoding=\"async\" src=\"https:\/\/www.educativa.com\/wp-content\/uploads\/2021\/04\/tu-franquicia-en-el-mundo-educativa-1.jpg\" alt=\"\" class=\"wp-image-26434\" width=\"860\" height=\"483\" srcset=\"https:\/\/www.educativa.com\/wp-content\/uploads\/2021\/04\/tu-franquicia-en-el-mundo-educativa-1.jpg 860w, https:\/\/www.educativa.com\/wp-content\/uploads\/2021\/04\/tu-franquicia-en-el-mundo-educativa-1-300x168.jpg 300w, https:\/\/www.educativa.com\/wp-content\/uploads\/2021\/04\/tu-franquicia-en-el-mundo-educativa-1-768x431.jpg 768w\" sizes=\"auto, (max-width: 860px) 100vw, 860px\" \/><\/figure>\n\n\n\n<div style=\"height:60px\" aria-hidden=\"true\" class=\"wp-block-spacer\"><\/div>\n\n\n\n<blockquote style=\"text-align:center\" class=\"wp-block-quote is-style-large is-layout-flow wp-block-quote-is-layout-flow\"><p><strong>&#8220;<em>\u2026<\/em><\/strong><em> <\/em><strong><em>Tradicionalmente el franquiciado recib\u00eda un manual\u2026 pero&nbsp;lleg\u00f3 el e-learning para cambiarlo todo, y convertirse en su gran aliado tecnol\u00f3gico<\/em><\/strong><em>. <\/em><strong>&#8220;<\/strong><\/p><cite>  <a rel=\"noreferrer noopener\" href=\"https:\/\/www.educativa.es\/author\/belen-merino\/\" target=\"_blank\">Bel\u00e9n Merino Mat\u00eda<\/a>, <em> Consultora e-learning educativa Espa\u00f1a.<\/em><\/cite><\/blockquote>\n\n\n\n<div style=\"height:60px\" aria-hidden=\"true\" class=\"wp-block-spacer\"><\/div>\n\n\n\n<figure class=\"wp-block-image\"><img loading=\"lazy\" decoding=\"async\" width=\"44\" height=\"41\" src=\"https:\/\/www.educativa.com\/wp-content\/uploads\/2021\/02\/Card-add.png\" alt=\"\" class=\"wp-image-24698\"\/><\/figure>\n\n\n\n<div id=\"ez-toc-container\" class=\"ez-toc-v2_0_67_1 counter-hierarchy ez-toc-counter ez-toc-grey ez-toc-container-direction\">\n<div class=\"ez-toc-title-container\">\n<p class=\"ez-toc-title ez-toc-toggle\" style=\"cursor: pointer\">&Iacute;ndice de Contenidos<\/p>\n<span class=\"ez-toc-title-toggle\"><a href=\"#\" class=\"ez-toc-pull-right ez-toc-btn ez-toc-btn-xs ez-toc-btn-default ez-toc-toggle\" aria-label=\"Toggle Table of Content\"><span class=\"ez-toc-js-icon-con\"><span class=\"\"><span class=\"eztoc-hide\" style=\"display:none;\">Toggle<\/span><span class=\"ez-toc-icon-toggle-span\"><svg style=\"fill: #999;color:#999\" xmlns=\"http:\/\/www.w3.org\/2000\/svg\" class=\"list-377408\" width=\"20px\" height=\"20px\" viewBox=\"0 0 24 24\" fill=\"none\"><path d=\"M6 6H4v2h2V6zm14 0H8v2h12V6zM4 11h2v2H4v-2zm16 0H8v2h12v-2zM4 16h2v2H4v-2zm16 0H8v2h12v-2z\" fill=\"currentColor\"><\/path><\/svg><svg style=\"fill: #999;color:#999\" class=\"arrow-unsorted-368013\" xmlns=\"http:\/\/www.w3.org\/2000\/svg\" width=\"10px\" height=\"10px\" viewBox=\"0 0 24 24\" version=\"1.2\" baseProfile=\"tiny\"><path d=\"M18.2 9.3l-6.2-6.3-6.2 6.3c-.2.2-.3.4-.3.7s.1.5.3.7c.2.2.4.3.7.3h11c.3 0 .5-.1.7-.3.2-.2.3-.5.3-.7s-.1-.5-.3-.7zM5.8 14.7l6.2 6.3 6.2-6.3c.2-.2.3-.5.3-.7s-.1-.5-.3-.7c-.2-.2-.4-.3-.7-.3h-11c-.3 0-.5.1-.7.3-.2.2-.3.5-.3.7s.1.5.3.7z\"\/><\/svg><\/span><\/span><\/span><\/a><\/span><\/div>\n<nav><ul class='ez-toc-list ez-toc-list-level-1 ' ><li class='ez-toc-page-1 ez-toc-heading-level-2'><a class=\"ez-toc-link ez-toc-heading-1\" href=\"https:\/\/www.educativa.com\/en\/blog-articulos\/tu-franquicia-de-alcance-internacional\/#Paso_1_Contratar_una_Plataforma_virtual\" title=\"Paso 1: Contratar una Plataforma virtual\">Paso 1: Contratar una Plataforma virtual<\/a><\/li><li class='ez-toc-page-1 ez-toc-heading-level-2'><a class=\"ez-toc-link ez-toc-heading-2\" href=\"https:\/\/www.educativa.com\/en\/blog-articulos\/tu-franquicia-de-alcance-internacional\/#Paso_2_conocer_la_versatilidad_de_tu_Campus_Virtual_LMS\" title=\"Paso 2: conocer la versatilidad de tu Campus Virtual LMS\">Paso 2: conocer la versatilidad de tu Campus Virtual LMS<\/a><\/li><li class='ez-toc-page-1 ez-toc-heading-level-2'><a class=\"ez-toc-link ez-toc-heading-3\" href=\"https:\/\/www.educativa.com\/en\/blog-articulos\/tu-franquicia-de-alcance-internacional\/#Paso_3_motivar_a_los_franquiciados\" title=\"Paso 3: motivar&nbsp;a los franquiciados&nbsp; \">Paso 3: motivar&nbsp;a los franquiciados&nbsp; <\/a><\/li><\/ul><\/nav><\/div>\n<h2 class=\"wp-block-heading\"><span class=\"ez-toc-section\" id=\"Paso_1_Contratar_una_Plataforma_virtual\"><\/span><strong>Paso 1: Contratar una Plataforma virtual<\/strong><span class=\"ez-toc-section-end\"><\/span><\/h2>\n\n\n\n<p>&#8220;Adquirir una&nbsp;<strong>plataforma de formaci\u00f3n<\/strong>&nbsp;(LMS- Learning managment system). En el mercado hay muchas opciones: alquiler por uso, alquiler tarifa plana, compra, libres, propietarias, etc. &#8220;.<\/p>\n\n\n\n<p>Aspectos a considerar:<\/p>\n\n\n\n<ol class=\"wp-block-list\"><li>que permita a\u00f1adir <strong>varias empresas<\/strong> dentro del mismo campus<\/li><li><strong>autonom\u00eda<\/strong> para gestionar contenidos y usuarios<\/li><li><strong>variedad de<\/strong> <strong>reportes <\/strong><\/li><\/ol>\n\n\n\n<div style=\"height:40px\" aria-hidden=\"true\" class=\"wp-block-spacer\"><\/div>\n\n\n\n<div class=\"wp-block-button aligncenter\"><a class=\"wp-block-button__link has-background has-vivid-red-background-color\" href=\"https:\/\/www.educativa.com\/blog-articulos\/prueba-la-demo-del-campus-virtual-educativa\/\"><strong>PROBAR DEMO CAMPUS EDUCATIVA<\/strong><\/a><\/div>\n\n\n\n<div style=\"height:60px\" aria-hidden=\"true\" class=\"wp-block-spacer\"><\/div>\n\n\n\n<figure class=\"wp-block-image\"><img loading=\"lazy\" decoding=\"async\" width=\"34\" height=\"46\" src=\"https:\/\/www.educativa.com\/wp-content\/uploads\/2021\/02\/Light-bulb-1.png\" alt=\"\" class=\"wp-image-24699\"\/><\/figure>\n\n\n\n<h3 class=\"wp-block-heading\"><strong>Caso de uso<\/strong><\/h3>\n\n\n\n<p>Bel\u00e9n <strong>ejemplifica con una franquicia<\/strong>&nbsp;de comida r\u00e1pida donde el franquiciado al tomar una capacitaci\u00f3n online en el Campus Virtual del curso <strong>Manipulaci\u00f3n de Alimentos<\/strong>, deja registrado autom\u00e1ticamente todos aquellos datos que puedan solicitarle para una inspecci\u00f3n.<\/p>\n\n\n\n<div style=\"height:60px\" aria-hidden=\"true\" class=\"wp-block-spacer\"><\/div>\n\n\n\n<figure class=\"wp-block-image\"><img loading=\"lazy\" decoding=\"async\" width=\"44\" height=\"42\" src=\"https:\/\/www.educativa.com\/wp-content\/uploads\/2021\/02\/List.png\" alt=\"\" class=\"wp-image-24700\"\/><\/figure>\n\n\n\n<h2 class=\"wp-block-heading\"><span class=\"ez-toc-section\" id=\"Paso_2_conocer_la_versatilidad_de_tu_Campus_Virtual_LMS\"><\/span><strong>Paso 2: conocer la versatilidad de tu Campus Virtual LMS<\/strong><span class=\"ez-toc-section-end\"><\/span><\/h2>\n\n\n\n<p>Como bien remarca Bel\u00e9n, un Campus Virtual es m\u00e1s que un entorno de aprendizaje online, el <strong><a rel=\"noreferrer noopener\" aria-label=\" (abre en una nueva pesta\u00f1a)\" href=\"https:\/\/www.educativa.com\/blog-articulos\/campus-12-para-mejorar-la-experiencia-elearning\/\" target=\"_blank\">Campus Virtual educativa<\/a><\/strong> cuenta con herramientas de comunicaci\u00f3n:<\/p>\n\n\n\n<ul class=\"wp-block-list\"><li>noticias o novedades para que la Franquicia las emita a todos los franquiciados de forma masiva y simple. <\/li><li>foros de participaci\u00f3n <\/li><li><strong><a href=\"https:\/\/www.educativa.es\/red_social_ainou\/\">red social propia<\/a><\/strong><\/li><\/ul>\n\n\n\n<div style=\"height:20px\" aria-hidden=\"true\" class=\"wp-block-spacer\"><\/div>\n\n\n\n<p>Te recomendamos la lectura completa de la <strong><a href=\"https:\/\/www.educativa.es\/como-crear-un-campus-virtual-para-una-franquicia\/\">nota original<\/a><\/strong> escrita por <strong>Bel\u00e9n Merino Mat\u00eda<\/strong>, donde encontrar\u00e1s informaci\u00f3n ampliada sobre c\u00f3mo montar un <strong>Campus Virtual para Franquicias<\/strong>.<\/p>\n\n\n\n<div style=\"height:20px\" aria-hidden=\"true\" class=\"wp-block-spacer\"><\/div>\n\n\n\n<div class=\"wp-block-button aligncenter\"><a class=\"wp-block-button__link has-background has-vivid-red-background-color\" href=\"https:\/\/www.educativa.es\/como-crear-un-campus-virtual-para-una-franquicia\/\"><strong>LEER NOTA COMPLETA DE BEL\u00c9N MERINO MAT\u00cdA<\/strong><\/a><\/div>\n\n\n\n<div style=\"height:60px\" aria-hidden=\"true\" class=\"wp-block-spacer\"><\/div>\n\n\n\n<figure class=\"wp-block-image\"><img loading=\"lazy\" decoding=\"async\" width=\"41\" height=\"45\" src=\"https:\/\/www.educativa.com\/wp-content\/uploads\/2021\/02\/Fingerprint.png\" alt=\"\" class=\"wp-image-24701\"\/><\/figure>\n\n\n\n<h2 class=\"wp-block-heading\"><span class=\"ez-toc-section\" id=\"Paso_3_motivar_a_los_franquiciados\"><\/span><strong>Paso 3: motivar&nbsp;a los franquiciados&nbsp; <\/strong><span class=\"ez-toc-section-end\"><\/span><\/h2>\n\n\n\n<div style=\"height:20px\" aria-hidden=\"true\" class=\"wp-block-spacer\"><\/div>\n\n\n\n<blockquote style=\"text-align:center\" class=\"wp-block-quote is-style-large is-layout-flow wp-block-quote-is-layout-flow\"><p><strong>&#8220;<em>&#8230;la&nbsp;formaci\u00f3n on line&nbsp;puede ser una forma de&nbsp;motivar&nbsp;a los franquiciados y convertir a la Franquicia en una aut\u00e9ntica&nbsp;love mark.<\/em>&#8220;<\/strong><\/p><cite> <a rel=\"noreferrer noopener\" href=\"https:\/\/www.educativa.es\/author\/belen-merino\/\" target=\"_blank\">Bel\u00e9n Merino Mat\u00eda<\/a>, <em> Consultora e-learning educativa Espa\u00f1a.<\/em> <\/cite><\/blockquote>\n\n\n\n<div style=\"height:60px\" aria-hidden=\"true\" class=\"wp-block-spacer\"><\/div>\n\n\n\n<div class=\"wp-block-button aligncenter\"><a class=\"wp-block-button__link has-background has-vivid-red-background-color\" href=\"https:\/\/www.educativa.com\/contacto\/\"><strong>\u00bfQUIERES IMPULSAR TU FRANQUICIA? CONT\u00c1CTANOS<\/strong>!<\/a><\/div>\n\n\n\n<div style=\"height:60px\" aria-hidden=\"true\" class=\"wp-block-spacer\"><\/div>\n\n\n\n<p><strong><br>Departamento Social de E-ducativa\ufeff<\/strong><\/p>\n\n\n\n<div style=\"height:40px\" aria-hidden=\"true\" class=\"wp-block-spacer\"><\/div>\n\n\n\n<h3 class=\"wp-block-heading\">Tambi\u00e9n podr\u00eda interesarte&#8230;  <\/h3>\n\n\n<ul class=\"wp-block-latest-posts__list is-grid columns-3 wp-block-latest-posts\"><li><a class=\"wp-block-latest-posts__post-title\" href=\"https:\/\/www.educativa.com\/en\/blog-articulos\/organiza-tus-aulas-segun-tus-necesidades\/\">Organiza tus aulas seg\u00fan tus necesidades<\/a><\/li>\n<li><a class=\"wp-block-latest-posts__post-title\" href=\"https:\/\/www.educativa.com\/en\/blog-articulos\/renovamos-el-diseno-del-campus\/\">Renovamos el dise\u00f1o del campus.<\/a><\/li>\n<li><a class=\"wp-block-latest-posts__post-title\" href=\"https:\/\/www.educativa.com\/en\/blog-articulos\/spotlights-pequenos-tours-por-las-mejoras\/\">Spotlights: peque\u00f1os tours por las mejoras<\/a><\/li>\n<\/ul>","protected":false},"excerpt":{"rendered":"<p>Una propuesta de Bel\u00e9n Merino Mat\u00eda\u00a0para aquellas empresas que ofrecen Franquicias y quieren expandir su mercado m\u00e1s all\u00e1 de los l\u00edmites geogr\u00e1ficos mediante capacitaciones online a sus franquiciados. &#8220;\u2026 Tradicionalmente el franquiciado recib\u00eda un manual\u2026 pero&nbsp;lleg\u00f3 el e-learning para cambiarlo todo, y convertirse en su gran aliado tecnol\u00f3gico. &#8220; Bel\u00e9n Merino Mat\u00eda, Consultora e-learning educativa [&hellip;]<\/p>\n","protected":false},"author":14,"featured_media":26434,"comment_status":"open","ping_status":"open","sticky":false,"template":"","format":"standard","meta":{"_acf_changed":false,"footnotes":""},"categories":[1],"tags":[],"class_list":["post-26429","post","type-post","status-publish","format-standard","has-post-thumbnail","hentry","category-institucional"],"translation":{"provider":"WPGlobus","version":"3.0.2","language":"en","enabled_languages":["es","en"],"languages":{"es":{"title":true,"content":true,"excerpt":false},"en":{"title":false,"content":false,"excerpt":false}}},"acf":[],"_links":{"self":[{"href":"https:\/\/www.educativa.com\/en\/wp-json\/wp\/v2\/posts\/26429","targetHints":{"allow":["GET"]}}],"collection":[{"href":"https:\/\/www.educativa.com\/en\/wp-json\/wp\/v2\/posts"}],"about":[{"href":"https:\/\/www.educativa.com\/en\/wp-json\/wp\/v2\/types\/post"}],"author":[{"embeddable":true,"href":"https:\/\/www.educativa.com\/en\/wp-json\/wp\/v2\/users\/14"}],"replies":[{"embeddable":true,"href":"https:\/\/www.educativa.com\/en\/wp-json\/wp\/v2\/comments?post=26429"}],"version-history":[{"count":11,"href":"https:\/\/www.educativa.com\/en\/wp-json\/wp\/v2\/posts\/26429\/revisions"}],"predecessor-version":[{"id":26442,"href":"https:\/\/www.educativa.com\/en\/wp-json\/wp\/v2\/posts\/26429\/revisions\/26442"}],"wp:featuredmedia":[{"embeddable":true,"href":"https:\/\/www.educativa.com\/en\/wp-json\/wp\/v2\/media\/26434"}],"wp:attachment":[{"href":"https:\/\/www.educativa.com\/en\/wp-json\/wp\/v2\/media?parent=26429"}],"wp:term":[{"taxonomy":"category","embeddable":true,"href":"https:\/\/www.educativa.com\/en\/wp-json\/wp\/v2\/categories?post=26429"},{"taxonomy":"post_tag","embeddable":true,"href":"https:\/\/www.educativa.com\/en\/wp-json\/wp\/v2\/tags?post=26429"}],"curies":[{"name":"wp","href":"https:\/\/api.w.org\/{rel}","templated":true}]}}