
{"id":22137,"date":"2020-11-06T18:37:04","date_gmt":"2020-11-06T21:37:04","guid":{"rendered":"https:\/\/www.educativa.com\/?p=22137"},"modified":"2021-04-15T13:39:00","modified_gmt":"2021-04-15T16:39:00","slug":"ejecutiva-la-plataforma-de-formacion-online-elegida-por-el-sector-rrhh","status":"publish","type":"post","link":"https:\/\/www.educativa.com\/en\/blog-articulos\/ejecutiva-la-plataforma-de-formacion-online-elegida-por-el-sector-rrhh\/","title":{"rendered":"Ejecutiva: la plataforma de formaci\u00f3n online elegida por el sector RRHH"},"content":{"rendered":"\n<p><strong><a rel=\"noreferrer noopener\" aria-label=\"Ejecutiva  (abre en una nueva pesta\u00f1a)\" href=\"https:\/\/www.educativa.com\/ejecutiva-formacion\/\" target=\"_blank\"><em>Ejecutiva <\/em><\/a><\/strong><em>es nuestra plataforma virtual exclusivamente adaptada para la gesti\u00f3n de formaci\u00f3n de los colaboradores de una organizaci\u00f3n considerando sus <\/em><strong><a rel=\"noreferrer noopener\" aria-label=\" (abre en una nueva pesta\u00f1a)\" href=\"https:\/\/www.educativa.com\/ejecutiva-desempeno\/\" target=\"_blank\"><em>Desempe\u00f1os <\/em><\/a><\/strong><em>y <\/em><strong><a rel=\"noreferrer noopener\" aria-label=\" (abre en una nueva pesta\u00f1a)\" href=\"https:\/\/www.educativa.com\/ejecutiva-competencias\/\" target=\"_blank\"><em>Competencias t\u00e9cnicas<\/em><\/a><\/strong><em>.<\/em>  <em>Es la herramienta aliada para el \u00e1rea de Recursos Humanos<\/em>.<\/p>\n\n\n\n<figure class=\"wp-block-image is-resized\"><img loading=\"lazy\" decoding=\"async\" src=\"https:\/\/www.educativa.com\/wp-content\/uploads\/2020\/11\/PORTADAS-BLOG-1-1024x576.png\" alt=\"\" class=\"wp-image-22149\" width=\"1024\" height=\"576\" srcset=\"https:\/\/www.educativa.com\/wp-content\/uploads\/2020\/11\/PORTADAS-BLOG-1-1024x576.png 1024w, https:\/\/www.educativa.com\/wp-content\/uploads\/2020\/11\/PORTADAS-BLOG-1-300x169.png 300w, https:\/\/www.educativa.com\/wp-content\/uploads\/2020\/11\/PORTADAS-BLOG-1-768x432.png 768w, https:\/\/www.educativa.com\/wp-content\/uploads\/2020\/11\/PORTADAS-BLOG-1-1320x743.png 1320w\" sizes=\"auto, (max-width: 1024px) 100vw, 1024px\" \/><\/figure>\n\n\n\n<h3 class=\"wp-block-heading\"> <\/h3>\n\n\n\n<p><strong><a href=\"https:\/\/www.educativa.com\/ejecutiva-formacion\/\">Ejecutiva<\/a><\/strong> permite ver qui\u00e9n es qui\u00e9n dentro de su organizaci\u00f3n, qu\u00e9 conocimientos tiene y cu\u00e1les deber\u00eda tener para su puesto, qu\u00e9 capacitaci\u00f3n se debe dictar y a qui\u00e9nes. Medir los resultados e implementar un&nbsp;<strong>Plan de Carrera<\/strong> para mejorar los objetivos de su empresa. <\/p>\n\n\n\n<div id=\"ez-toc-container\" class=\"ez-toc-v2_0_67_1 counter-hierarchy ez-toc-counter ez-toc-grey ez-toc-container-direction\">\n<div class=\"ez-toc-title-container\">\n<p class=\"ez-toc-title ez-toc-toggle\" style=\"cursor: pointer\">&Iacute;ndice de Contenidos<\/p>\n<span class=\"ez-toc-title-toggle\"><a href=\"#\" class=\"ez-toc-pull-right ez-toc-btn ez-toc-btn-xs ez-toc-btn-default ez-toc-toggle\" aria-label=\"Toggle Table of Content\"><span class=\"ez-toc-js-icon-con\"><span class=\"\"><span class=\"eztoc-hide\" style=\"display:none;\">Toggle<\/span><span class=\"ez-toc-icon-toggle-span\"><svg style=\"fill: #999;color:#999\" xmlns=\"http:\/\/www.w3.org\/2000\/svg\" class=\"list-377408\" width=\"20px\" height=\"20px\" viewBox=\"0 0 24 24\" fill=\"none\"><path d=\"M6 6H4v2h2V6zm14 0H8v2h12V6zM4 11h2v2H4v-2zm16 0H8v2h12v-2zM4 16h2v2H4v-2zm16 0H8v2h12v-2z\" fill=\"currentColor\"><\/path><\/svg><svg style=\"fill: #999;color:#999\" class=\"arrow-unsorted-368013\" xmlns=\"http:\/\/www.w3.org\/2000\/svg\" width=\"10px\" height=\"10px\" viewBox=\"0 0 24 24\" version=\"1.2\" baseProfile=\"tiny\"><path d=\"M18.2 9.3l-6.2-6.3-6.2 6.3c-.2.2-.3.4-.3.7s.1.5.3.7c.2.2.4.3.7.3h11c.3 0 .5-.1.7-.3.2-.2.3-.5.3-.7s-.1-.5-.3-.7zM5.8 14.7l6.2 6.3 6.2-6.3c.2-.2.3-.5.3-.7s-.1-.5-.3-.7c-.2-.2-.4-.3-.7-.3h-11c-.3 0-.5.1-.7.3-.2.2-.3.5-.3.7s.1.5.3.7z\"\/><\/svg><\/span><\/span><\/span><\/a><\/span><\/div>\n<nav><ul class='ez-toc-list ez-toc-list-level-1 ' ><li class='ez-toc-page-1 ez-toc-heading-level-2'><a class=\"ez-toc-link ez-toc-heading-1\" href=\"https:\/\/www.educativa.com\/en\/blog-articulos\/ejecutiva-la-plataforma-de-formacion-online-elegida-por-el-sector-rrhh\/#%C2%BFTodavia_gestiona_el_desempeno_de_su_organizacion_con_planillas_de_calculo\" title=\"\u00bfTodav\u00eda gestiona el desempe\u00f1o de su organizaci\u00f3n con planillas de c\u00e1lculo?\">\u00bfTodav\u00eda gestiona el desempe\u00f1o de su organizaci\u00f3n con planillas de c\u00e1lculo?<\/a><\/li><li class='ez-toc-page-1 ez-toc-heading-level-2'><a class=\"ez-toc-link ez-toc-heading-2\" href=\"https:\/\/www.educativa.com\/en\/blog-articulos\/ejecutiva-la-plataforma-de-formacion-online-elegida-por-el-sector-rrhh\/#Gestion_por_competencias_una_estrategia_para_la_formacion_de_RRHH\" title=\"Gesti\u00f3n por competencias: una estrategia para la formaci\u00f3n de RRHH \">Gesti\u00f3n por competencias: una estrategia para la formaci\u00f3n de RRHH <\/a><\/li><li class='ez-toc-page-1 ez-toc-heading-level-2'><a class=\"ez-toc-link ez-toc-heading-3\" href=\"https:\/\/www.educativa.com\/en\/blog-articulos\/ejecutiva-la-plataforma-de-formacion-online-elegida-por-el-sector-rrhh\/#Certifique_con_ISO_9001_y_aumente_la_satisfaccion_de_sus_clientes\" title=\"Certifique con ISO 9001 y aumente la satisfacci\u00f3n de sus clientes \">Certifique con ISO 9001 y aumente la satisfacci\u00f3n de sus clientes <\/a><\/li><li class='ez-toc-page-1 ez-toc-heading-level-2'><a class=\"ez-toc-link ez-toc-heading-4\" href=\"https:\/\/www.educativa.com\/en\/blog-articulos\/ejecutiva-la-plataforma-de-formacion-online-elegida-por-el-sector-rrhh\/#La_importancia_de_un_Plan_de_Carrera_en_su_organizacion\" title=\"La importancia de un Plan de Carrera en su organizaci\u00f3n\">La importancia de un Plan de Carrera en su organizaci\u00f3n<\/a><\/li><\/ul><\/nav><\/div>\n<h2 class=\"wp-block-heading\"><span class=\"ez-toc-section\" id=\"%C2%BFTodavia_gestiona_el_desempeno_de_su_organizacion_con_planillas_de_calculo\"><\/span>\u00bfTodav\u00eda gestiona el desempe\u00f1o de su organizaci\u00f3n con planillas de c\u00e1lculo?<span class=\"ez-toc-section-end\"><\/span><\/h2>\n\n\n\n<p>La planilla de c\u00e1lculo es una opci\u00f3n tentadora por la flexibilidad en su armado, sin embargo su trabajo artesanal podr\u00eda automatizarse y disminuir el margen de error.&nbsp;<strong><a rel=\"noreferrer noopener\" href=\"https:\/\/www.educativa.com\/ejecutiva-desempeno\/\" target=\"_blank\">Ejecutiva Desempe\u00f1o<\/a><\/strong>&nbsp;es la soluci\u00f3n que ofrecemos a las organizaciones ante este escenario.<\/p>\n\n\n\n<div class=\"wp-block-image\"><figure class=\"aligncenter is-resized\"><img loading=\"lazy\" decoding=\"async\" src=\"https:\/\/www.educativa.com\/wp-content\/uploads\/2020\/10\/ejecutiva-desempenio-planilla-calculo-1024x576.jpg\" alt=\"\" class=\"wp-image-21510\" width=\"1024\" height=\"576\" srcset=\"https:\/\/www.educativa.com\/wp-content\/uploads\/2020\/10\/ejecutiva-desempenio-planilla-calculo-1024x576.jpg 1024w, https:\/\/www.educativa.com\/wp-content\/uploads\/2020\/10\/ejecutiva-desempenio-planilla-calculo-300x169.jpg 300w, https:\/\/www.educativa.com\/wp-content\/uploads\/2020\/10\/ejecutiva-desempenio-planilla-calculo-768x432.jpg 768w, https:\/\/www.educativa.com\/wp-content\/uploads\/2020\/10\/ejecutiva-desempenio-planilla-calculo-1320x743.jpg 1320w\" sizes=\"auto, (max-width: 1024px) 100vw, 1024px\" \/><\/figure><\/div>\n\n\n\n<p><strong>Ejecutiva Desempe\u00f1o:<\/strong>&nbsp;gesti\u00f3n pr\u00e1ctica, automatizada y segura. Todas las m\u00e9tricas en un solo lugar. Descubre <strong><a rel=\"noreferrer noopener\" aria-label=\" (abre en una nueva pesta\u00f1a)\" href=\"https:\/\/www.educativa.com\/blog-articulos\/todavia-gestiona-el-desempeno-con-planillas-de-calculo\/\" target=\"_blank\">Ejecutiva<\/a><\/strong>.<\/p>\n\n\n\n<h2 class=\"wp-block-heading\"><span class=\"ez-toc-section\" id=\"Gestion_por_competencias_una_estrategia_para_la_formacion_de_RRHH\"><\/span>Gesti\u00f3n por competencias: una estrategia para la formaci\u00f3n de RRHH <span class=\"ez-toc-section-end\"><\/span><\/h2>\n\n\n\n<p> La norma internacional&nbsp;<strong><a rel=\"noreferrer noopener\" href=\"http:\/\/www.bureau-veritas.com.ar\/9001\/?gclid=CjwKCAjw2qHsBRAGEiwAMbPoDBILQvTkoHlIqaprsY3Sw5NGme5DNlyN5bqqgkvIvS0R03eoLYdAFxoC8KkQAvD_BwE\" target=\"_blank\">ISO 9001<\/a><\/strong>&nbsp;en su \u00faltima edici\u00f3n del 2015 hace foco en la&nbsp;<strong><a rel=\"noreferrer noopener\" href=\"https:\/\/www.educativa.com\/blog-articulos\/certifique-con-iso-9001-y-aumente-la-satisfaccion-de-sus-clientes\/\" target=\"_blank\">gesti\u00f3n estrat\u00e9gica<\/a><\/strong>&nbsp;que representa la&nbsp;<strong>formaci\u00f3n<\/strong>&nbsp;mediante la gesti\u00f3n por&nbsp;<strong>Competencias de los RRHH<\/strong>&nbsp;de una organizaci\u00f3n para asegurar la calidad del servicio o producto ofrecido. <\/p>\n\n\n\n<div class=\"wp-block-image\"><figure class=\"aligncenter is-resized\"><img loading=\"lazy\" decoding=\"async\" src=\"https:\/\/www.educativa.com\/wp-content\/uploads\/2020\/10\/ejecutiva_competencias_estrategia-1024x576.jpg\" alt=\"\" class=\"wp-image-21456\" width=\"1024\" height=\"576\" srcset=\"https:\/\/www.educativa.com\/wp-content\/uploads\/2020\/10\/ejecutiva_competencias_estrategia-1024x576.jpg 1024w, https:\/\/www.educativa.com\/wp-content\/uploads\/2020\/10\/ejecutiva_competencias_estrategia-300x169.jpg 300w, https:\/\/www.educativa.com\/wp-content\/uploads\/2020\/10\/ejecutiva_competencias_estrategia-768x432.jpg 768w, https:\/\/www.educativa.com\/wp-content\/uploads\/2020\/10\/ejecutiva_competencias_estrategia-1320x743.jpg 1320w\" sizes=\"auto, (max-width: 1024px) 100vw, 1024px\" \/><\/figure><\/div>\n\n\n\n<p><strong>Ejecutiva, gesti\u00f3n simple del plan de formaci\u00f3n<\/strong>: permite sistematizar la <strong><a rel=\"noreferrer noopener\" aria-label=\" (abre en una nueva pesta\u00f1a)\" href=\"https:\/\/www.educativa.com\/blog-articulos\/gestion-por-competencias-una-estrategia-para-la-formacion-de-rrhh\/\" target=\"_blank\">definici\u00f3n de&nbsp;competencias<\/a><\/strong>, la asignaci\u00f3n de \u00e9stas a los puestos perfiles, la evaluaci\u00f3n y el c\u00e1lculo autom\u00e1tico de los GAPs, permite gestionar el&nbsp;<strong>plan de formaci\u00f3n<\/strong>&nbsp;completo que surge a partir del an\u00e1lisis individual y personalizado de todos los colaboradores de la organizaci\u00f3n. <\/p>\n\n\n\n<h2 class=\"wp-block-heading\"><span class=\"ez-toc-section\" id=\"Certifique_con_ISO_9001_y_aumente_la_satisfaccion_de_sus_clientes\"><\/span>Certifique con ISO 9001 y aumente la satisfacci\u00f3n de sus clientes <span class=\"ez-toc-section-end\"><\/span><\/h2>\n\n\n\n<p> La <strong><a rel=\"noreferrer noopener\" aria-label=\" (abre en una nueva pesta\u00f1a)\" href=\"https:\/\/www.educativa.com\/blog-articulos\/certifique-con-iso-9001-y-aumente-la-satisfaccion-de-sus-clientes\/\" target=\"_blank\">certificaci\u00f3n con la Norma&nbsp;ISO 9001<\/a><\/strong>&nbsp;es una excelente ventaja competitiva en el mercado mundial ya que est\u00e1 enfocada en la satisfacci\u00f3n del cliente. <\/p>\n\n\n\n<div class=\"wp-block-image\"><figure class=\"aligncenter is-resized\"><img loading=\"lazy\" decoding=\"async\" src=\"https:\/\/www.educativa.com\/wp-content\/uploads\/2020\/10\/ejecutiva_calidad_iso9001-1024x576.jpg\" alt=\"\" class=\"wp-image-21373\" width=\"1024\" height=\"576\" srcset=\"https:\/\/www.educativa.com\/wp-content\/uploads\/2020\/10\/ejecutiva_calidad_iso9001-1024x576.jpg 1024w, https:\/\/www.educativa.com\/wp-content\/uploads\/2020\/10\/ejecutiva_calidad_iso9001-300x169.jpg 300w, https:\/\/www.educativa.com\/wp-content\/uploads\/2020\/10\/ejecutiva_calidad_iso9001-768x432.jpg 768w, https:\/\/www.educativa.com\/wp-content\/uploads\/2020\/10\/ejecutiva_calidad_iso9001-1320x743.jpg 1320w\" sizes=\"auto, (max-width: 1024px) 100vw, 1024px\" \/><\/figure><\/div>\n\n\n\n<p> <strong>Capacite a sus RRHH<\/strong>: <strong><a href=\"https:\/\/www.educativa.com\/blog-articulos\/la-importancia-de-las-personas-en-la-estrategia-empresarial\/\">Ejecutiva&nbsp;<\/a><\/strong> es la Plataforma virtual de formaci\u00f3n ideal para capacitar a sus colaboradores seg\u00fan las normas de calidad de la certificaci\u00f3n internacional&nbsp;<strong>ISO 9001<\/strong>.<\/p>\n\n\n\n<h2 class=\"wp-block-heading\"><span class=\"ez-toc-section\" id=\"La_importancia_de_un_Plan_de_Carrera_en_su_organizacion\"><\/span>La importancia de un Plan de Carrera en su organizaci\u00f3n<span class=\"ez-toc-section-end\"><\/span><\/h2>\n\n\n\n<p>Al crear un&nbsp;<strong><a rel=\"noreferrer noopener\" aria-label=\" (abre en una nueva pesta\u00f1a)\" href=\"https:\/\/www.educativa.com\/blog-articulos\/la-importancia-de-un-plan-de-carrera-en-su-organizacion\/\" target=\"_blank\">Plan de Carrera<\/a><\/strong>&nbsp;con Ejecutiva, est\u00e1 generando un trayecto de formaci\u00f3n para canalizar el desarrollo profesional y el talento humano dentro de su organizaci\u00f3n o empresa.<\/p>\n\n\n\n<div class=\"wp-block-image\"><figure class=\"aligncenter is-resized\"><img loading=\"lazy\" decoding=\"async\" src=\"https:\/\/www.educativa.com\/wp-content\/uploads\/2020\/09\/ejecutiva-formacion-online-1024x576.jpg\" alt=\"\" class=\"wp-image-21258\" width=\"1024\" height=\"576\" srcset=\"https:\/\/www.educativa.com\/wp-content\/uploads\/2020\/09\/ejecutiva-formacion-online-1024x576.jpg 1024w, https:\/\/www.educativa.com\/wp-content\/uploads\/2020\/09\/ejecutiva-formacion-online-300x169.jpg 300w, https:\/\/www.educativa.com\/wp-content\/uploads\/2020\/09\/ejecutiva-formacion-online-768x432.jpg 768w, https:\/\/www.educativa.com\/wp-content\/uploads\/2020\/09\/ejecutiva-formacion-online-1320x743.jpg 1320w\" sizes=\"auto, (max-width: 1024px) 100vw, 1024px\" \/><\/figure><\/div>\n\n\n\n<p><strong>\u00bfPara qu\u00e9 incorporar un Plan de Carrera?<\/strong> Para mantener la&nbsp;motivaci\u00f3n de sus colaboradores, enfocarlos en la concreci\u00f3n de proyectos y objetivos, mientras contin\u00faan con su formaci\u00f3n profesional y aspiran a evolucionar con su crecimiento personal y en la organizaci\u00f3n. <\/p>\n\n\n\n<p> En&nbsp;educativa&nbsp;nos especializamos en crear plataformas virtuales para la formaci\u00f3n online:&nbsp;<strong><a rel=\"noreferrer noopener\" href=\"https:\/\/www.educativa.com\/campus\/\" target=\"_blank\">Campus Virtual LMS<\/a>,&nbsp;<a rel=\"noreferrer noopener\" href=\"https:\/\/www.educativa.com\/ejecutiva-desempeno\/\" target=\"_blank\">Sistema de Gesti\u00f3n por Desempe\u00f1o<\/a>,&nbsp;<a rel=\"noreferrer noopener\" href=\"https:\/\/www.educativa.com\/ejecutiva-competencias\/\" target=\"_blank\">Gesti\u00f3n por Competencias<\/a>,&nbsp;<a rel=\"noreferrer noopener\" href=\"https:\/\/www.educativa.com\/blog-articulos\/gestion-por-competencias-una-estrategia-para-la-formacion-de-rrhh\/\" target=\"_blank\">GAP<\/a><\/strong>.<\/p>\n\n\n\n<p><strong>Dpto. Social educativa<\/strong><\/p>\n","protected":false},"excerpt":{"rendered":"<p>Ejecutiva es nuestra plataforma virtual exclusivamente adaptada para la gesti\u00f3n de formaci\u00f3n de los colaboradores de una organizaci\u00f3n considerando sus Desempe\u00f1os y Competencias t\u00e9cnicas. Es la herramienta aliada para el \u00e1rea de Recursos Humanos. Ejecutiva permite ver qui\u00e9n es qui\u00e9n dentro de su organizaci\u00f3n, qu\u00e9 conocimientos tiene y cu\u00e1les deber\u00eda tener para su puesto, qu\u00e9 [&hellip;]<\/p>\n","protected":false},"author":14,"featured_media":22149,"comment_status":"open","ping_status":"open","sticky":false,"template":"","format":"standard","meta":{"_acf_changed":false,"footnotes":""},"categories":[1,8,5],"tags":[94,333],"class_list":["post-22137","post","type-post","status-publish","format-standard","has-post-thumbnail","hentry","category-institucional","category-prensa","category-recursos","tag-ejecutiva","tag-nota_ejecutiva"],"translation":{"provider":"WPGlobus","version":"3.0.2","language":"en","enabled_languages":["es","en"],"languages":{"es":{"title":true,"content":true,"excerpt":false},"en":{"title":false,"content":false,"excerpt":false}}},"acf":[],"_links":{"self":[{"href":"https:\/\/www.educativa.com\/en\/wp-json\/wp\/v2\/posts\/22137","targetHints":{"allow":["GET"]}}],"collection":[{"href":"https:\/\/www.educativa.com\/en\/wp-json\/wp\/v2\/posts"}],"about":[{"href":"https:\/\/www.educativa.com\/en\/wp-json\/wp\/v2\/types\/post"}],"author":[{"embeddable":true,"href":"https:\/\/www.educativa.com\/en\/wp-json\/wp\/v2\/users\/14"}],"replies":[{"embeddable":true,"href":"https:\/\/www.educativa.com\/en\/wp-json\/wp\/v2\/comments?post=22137"}],"version-history":[{"count":25,"href":"https:\/\/www.educativa.com\/en\/wp-json\/wp\/v2\/posts\/22137\/revisions"}],"predecessor-version":[{"id":22163,"href":"https:\/\/www.educativa.com\/en\/wp-json\/wp\/v2\/posts\/22137\/revisions\/22163"}],"wp:featuredmedia":[{"embeddable":true,"href":"https:\/\/www.educativa.com\/en\/wp-json\/wp\/v2\/media\/22149"}],"wp:attachment":[{"href":"https:\/\/www.educativa.com\/en\/wp-json\/wp\/v2\/media?parent=22137"}],"wp:term":[{"taxonomy":"category","embeddable":true,"href":"https:\/\/www.educativa.com\/en\/wp-json\/wp\/v2\/categories?post=22137"},{"taxonomy":"post_tag","embeddable":true,"href":"https:\/\/www.educativa.com\/en\/wp-json\/wp\/v2\/tags?post=22137"}],"curies":[{"name":"wp","href":"https:\/\/api.w.org\/{rel}","templated":true}]}}