
{"id":17010,"date":"2019-07-12T18:48:33","date_gmt":"2019-07-12T21:48:33","guid":{"rendered":"https:\/\/www.educativa.com\/?p=17010"},"modified":"2020-10-27T12:01:56","modified_gmt":"2020-10-27T15:01:56","slug":"personalizar-de-forma-masiva-el-campus-virtual-educativa","status":"publish","type":"post","link":"https:\/\/www.educativa.com\/en\/blog-articulos\/personalizar-de-forma-masiva-el-campus-virtual-educativa\/","title":{"rendered":"Personalizar de forma masiva el Campus Virtual educativa"},"content":{"rendered":"\n<p><em>Cuando es necesario que la mayor\u00eda de las aulas del <strong>Campus virtual <\/strong>tengan las mismas caracter\u00edsticas funcionales entre s\u00ed, es muy pr\u00e1ctico utilizar la herramienta &#8220;Defaults&#8221;.<\/em><\/p>\n\n\n\n<figure class=\"wp-block-image is-resized\"><img loading=\"lazy\" decoding=\"async\" src=\"https:\/\/www.educativa.com\/wp-content\/uploads\/2019\/07\/young-man-thinking-and-working-with-laptop-in-office-space-2210x1473.jpg\" alt=\"\" class=\"wp-image-17012\" width=\"2210\" height=\"1473\" srcset=\"https:\/\/www.educativa.com\/wp-content\/uploads\/2019\/07\/young-man-thinking-and-working-with-laptop-in-office-space-2210x1473.jpg 2210w, https:\/\/www.educativa.com\/wp-content\/uploads\/2019\/07\/young-man-thinking-and-working-with-laptop-in-office-space-2210x1473-300x200.jpg 300w, https:\/\/www.educativa.com\/wp-content\/uploads\/2019\/07\/young-man-thinking-and-working-with-laptop-in-office-space-2210x1473-768x512.jpg 768w, https:\/\/www.educativa.com\/wp-content\/uploads\/2019\/07\/young-man-thinking-and-working-with-laptop-in-office-space-2210x1473-1024x683.jpg 1024w, https:\/\/www.educativa.com\/wp-content\/uploads\/2019\/07\/young-man-thinking-and-working-with-laptop-in-office-space-2210x1473-600x400.jpg 600w, https:\/\/www.educativa.com\/wp-content\/uploads\/2019\/07\/young-man-thinking-and-working-with-laptop-in-office-space-2210x1473-1320x880.jpg 1320w\" sizes=\"auto, (max-width: 2210px) 100vw, 2210px\" \/><\/figure>\n\n\n\n<p><em>&#8220;D\u00ed de alta un aula y necesito que las otras aulas tengan las mismas secciones, los mismos perfiles y permisos en los usuarios y las mismas configuraciones generales&#8221;<\/em> es una de las consultas b\u00e1sicas que recibimos de los clientes que utilizan el <strong>Campus Virtual<\/strong> para sus proyectos de <strong>elearning <\/strong>y <strong>formaci\u00f3n online<\/strong>.<\/p>\n\n\n\n<p>Para resolver esta situaci\u00f3n recomendamos utilizar el men\u00fa &#8220;Defaults&#8221; ubicado en la Administraci\u00f3n del <strong>Campus Virtual educativa<\/strong>, en el men\u00fa de &#8220;Configuraci\u00f3n&#8221;. Desde all\u00ed podremos configurar las caracter\u00edsticas que tendr\u00e1n las aulas que se dar\u00e1n de alta de ahora en adelante. <\/p>\n\n\n\n<div class=\"wp-block-image\"><figure class=\"aligncenter is-resized\"><img loading=\"lazy\" decoding=\"async\" src=\"https:\/\/www.educativa.com\/wp-content\/uploads\/2019\/07\/defaults.png\" alt=\"\" class=\"wp-image-17013\" width=\"981\" height=\"398\" srcset=\"https:\/\/www.educativa.com\/wp-content\/uploads\/2019\/07\/defaults.png 981w, https:\/\/www.educativa.com\/wp-content\/uploads\/2019\/07\/defaults-300x122.png 300w, https:\/\/www.educativa.com\/wp-content\/uploads\/2019\/07\/defaults-768x312.png 768w, https:\/\/www.educativa.com\/wp-content\/uploads\/2019\/07\/defaults-600x243.png 600w\" sizes=\"auto, (max-width: 981px) 100vw, 981px\" \/><\/figure><\/div>\n\n\n\n<p>Es posible configurar el aspecto de: Aula, Secciones, Permisos, Evaluaciones, Categor\u00edas asociadas, Usuarios.<\/p>\n\n\n\n<div id=\"ez-toc-container\" class=\"ez-toc-v2_0_67_1 counter-hierarchy ez-toc-counter ez-toc-grey ez-toc-container-direction\">\n<div class=\"ez-toc-title-container\">\n<p class=\"ez-toc-title ez-toc-toggle\" style=\"cursor: pointer\">&Iacute;ndice de Contenidos<\/p>\n<span class=\"ez-toc-title-toggle\"><a href=\"#\" class=\"ez-toc-pull-right ez-toc-btn ez-toc-btn-xs ez-toc-btn-default ez-toc-toggle\" aria-label=\"Toggle Table of Content\"><span class=\"ez-toc-js-icon-con\"><span class=\"\"><span class=\"eztoc-hide\" style=\"display:none;\">Toggle<\/span><span class=\"ez-toc-icon-toggle-span\"><svg style=\"fill: #999;color:#999\" xmlns=\"http:\/\/www.w3.org\/2000\/svg\" class=\"list-377408\" width=\"20px\" height=\"20px\" viewBox=\"0 0 24 24\" fill=\"none\"><path d=\"M6 6H4v2h2V6zm14 0H8v2h12V6zM4 11h2v2H4v-2zm16 0H8v2h12v-2zM4 16h2v2H4v-2zm16 0H8v2h12v-2z\" fill=\"currentColor\"><\/path><\/svg><svg style=\"fill: #999;color:#999\" class=\"arrow-unsorted-368013\" xmlns=\"http:\/\/www.w3.org\/2000\/svg\" width=\"10px\" height=\"10px\" viewBox=\"0 0 24 24\" version=\"1.2\" baseProfile=\"tiny\"><path d=\"M18.2 9.3l-6.2-6.3-6.2 6.3c-.2.2-.3.4-.3.7s.1.5.3.7c.2.2.4.3.7.3h11c.3 0 .5-.1.7-.3.2-.2.3-.5.3-.7s-.1-.5-.3-.7zM5.8 14.7l6.2 6.3 6.2-6.3c.2-.2.3-.5.3-.7s-.1-.5-.3-.7c-.2-.2-.4-.3-.7-.3h-11c-.3 0-.5.1-.7.3-.2.2-.3.5-.3.7s.1.5.3.7z\"\/><\/svg><\/span><\/span><\/span><\/a><\/span><\/div>\n<nav><ul class='ez-toc-list ez-toc-list-level-1 ' ><li class='ez-toc-page-1 ez-toc-heading-level-2'><a class=\"ez-toc-link ez-toc-heading-1\" href=\"https:\/\/www.educativa.com\/en\/blog-articulos\/personalizar-de-forma-masiva-el-campus-virtual-educativa\/#Aula\" title=\"Aula\">Aula<\/a><\/li><li class='ez-toc-page-1 ez-toc-heading-level-2'><a class=\"ez-toc-link ez-toc-heading-2\" href=\"https:\/\/www.educativa.com\/en\/blog-articulos\/personalizar-de-forma-masiva-el-campus-virtual-educativa\/#Secciones\" title=\"Secciones\">Secciones<\/a><\/li><li class='ez-toc-page-1 ez-toc-heading-level-2'><a class=\"ez-toc-link ez-toc-heading-3\" href=\"https:\/\/www.educativa.com\/en\/blog-articulos\/personalizar-de-forma-masiva-el-campus-virtual-educativa\/#Permisos\" title=\"Permisos\">Permisos<\/a><\/li><li class='ez-toc-page-1 ez-toc-heading-level-2'><a class=\"ez-toc-link ez-toc-heading-4\" href=\"https:\/\/www.educativa.com\/en\/blog-articulos\/personalizar-de-forma-masiva-el-campus-virtual-educativa\/#Evaluaciones\" title=\"Evaluaciones\">Evaluaciones<\/a><\/li><li class='ez-toc-page-1 ez-toc-heading-level-2'><a class=\"ez-toc-link ez-toc-heading-5\" href=\"https:\/\/www.educativa.com\/en\/blog-articulos\/personalizar-de-forma-masiva-el-campus-virtual-educativa\/#Usuarios\" title=\"Usuarios\">Usuarios<\/a><\/li><\/ul><\/nav><\/div>\n<h2 class=\"wp-block-heading\"><span class=\"ez-toc-section\" id=\"Aula\"><\/span>Aula<span class=\"ez-toc-section-end\"><\/span><\/h2>\n\n\n\n<p>Dentro de este men\u00fa, algunos de los puntos importantes que se puede definir:<\/p>\n\n\n\n<ul class=\"wp-block-list\"><li>Tiempo durante el cual el aula estar\u00e1 activa (tiempo ilimitado o por un cierto per\u00edodo). O bien, definir si se limita el tiempo de cursado de los Alumnos, indicando la cantidad de d\u00edas en los que podr\u00e1 cursar, por ejemplo 40 d\u00edas. Considerando el d\u00eda 1, el 1er acceso que realiz\u00f3 al campus. Luego, al d\u00eda 40 el usuario ya no podr\u00e1 entrar porque el Campus Virtual lo desactiva autom\u00e1ticamente.  <\/li><\/ul>\n\n\n\n<ul class=\"wp-block-list\"><li><strong>Color del aula<\/strong>; se elige un color y el Campus Virtual aplica el dise\u00f1o gr\u00e1fico con una gama del color elegido.<\/li><li> <strong>Administrador<\/strong>, \u00bfqui\u00e9n ser\u00e1 el usuario que est\u00e9 encargado de la gesti\u00f3n de emails de todas las aulas del campus Virtual?<\/li><li> <strong>Direcci\u00f3n de salida<\/strong> (url), se define a qu\u00e9 p\u00e1gina se redirige cuando el usuario cierra su sesi\u00f3n.<\/li><li> \u00bfPermitir <strong>mini-conversaciones<\/strong> privadas entre usuarios en l\u00ednea? <\/li><li> \u00bfPermitir el acceso a <strong>Usuarios An\u00f3nimos<\/strong>? El usuario an\u00f3nimo es \u00fatil para cuando se necesita mostrar el campus a personas que aun no pertenecen al <strong>Campus Virtual<\/strong>.<\/li><li> Definir si los <strong>Responsables <\/strong>podr\u00e1n acceder a la Administraci\u00f3n y si podr\u00e1n consultar los reportes del men\u00fa &#8220;Control&#8221;. Actualmente a este men\u00fa s\u00f3lo acceden los Webmasters y Administradores.<\/li><li> Definir si los temas de debate en foros admiten <strong>adjuntar archivos<\/strong>. A veces una intervenci\u00f3n requiere de un archivo.<\/li><li> Definir si la<strong> sala chat<\/strong> es P\u00fablica (acceden todos los usuarios de todas las aulas del Campus Virtual) o Privada (acceden s\u00f3lo los usuarios de un aula del Campus Virtual).<\/li><\/ul>\n\n\n\n<h2 class=\"wp-block-heading\"><span class=\"ez-toc-section\" id=\"Secciones\"><\/span>Secciones<span class=\"ez-toc-section-end\"><\/span><\/h2>\n\n\n\n<p>Desde aqu\u00ed se puede definir el nombre, el estado y el orden de las mismas:<\/p>\n\n\n\n<ul class=\"wp-block-list\"><li>Modificar el nombre de las <strong>secciones <\/strong>de todas las aulas del Campus Virtual.<\/li><li>Elegir qu\u00e9 secciones estar\u00e1n activadas\/desactivas en todas las aulas del <strong>Campus Virtual.<\/strong><\/li><li> Definir el <strong>orden de las secciones<\/strong>, es decir, qu\u00e9 secci\u00f3n aparece primero, cu\u00e1l segundo, etc.<\/li><\/ul>\n\n\n\n<h2 class=\"wp-block-heading\"><span class=\"ez-toc-section\" id=\"Permisos\"><\/span>Permisos<span class=\"ez-toc-section-end\"><\/span><\/h2>\n\n\n\n<p>Dentro de este men\u00fa se puede definir el nombre de los Perfiles y a su vez configurar los permisos que tendr\u00e1 cada Perfil en cada secci\u00f3n de todas las aulas del <strong>Campus Virtual<\/strong>. <\/p>\n\n\n\n<p>Por ejemplo, para el Perfil &#8220;Tutores&#8221; se define que en todas las aulas tendr\u00e1 ciertos permisos a ciertas secciones de las aulas. Para la secci\u00f3n &#8220;Calificaciones&#8221; podr\u00e1 calificar a los alumnos, pero al perfil &#8220;Coordinador&#8221; se le define solamente que pueda ver esas calificaciones pero que no las pueda cargar ni modificar, etc.<br> Lo mismo para el resto de los perfiles, se definen qu\u00e9 acciones tendr\u00e1n permitidas dentro de cada secci\u00f3n.<\/p>\n\n\n\n<h2 class=\"wp-block-heading\"><span class=\"ez-toc-section\" id=\"Evaluaciones\"><\/span>Evaluaciones<span class=\"ez-toc-section-end\"><\/span><\/h2>\n\n\n\n<p>Desde aqu\u00ed se configuran las caracter\u00edsticas generales de funcionamiento que tendr\u00e1n todas las Evaluaciones del <strong>Campus Virtual<\/strong>.  <br>Por ejemplo: <\/p>\n\n\n\n<ul class=\"wp-block-list\"><li>Liberaci\u00f3n, cuando el alumno reprueba la Evaluaci\u00f3n, es posible darle o no la posibilidad de realizarla de nuevo. Esta opci\u00f3n define si esa liberaci\u00f3n ser\u00e1 manual a cargo de un docente, o bien autom\u00e1tica por parte del Campus.<\/li><li>L\u00edmite de tiempo para realizar la Evaluaci\u00f3n una vez que estoy respondiendo.<\/li><li>Porcentaje de aprobaci\u00f3n<\/li><li>Puntaje por preguntas<\/li><li>etc.<\/li><\/ul>\n\n\n\n<h2 class=\"wp-block-heading\"><span class=\"ez-toc-section\" id=\"Usuarios\"><\/span>Usuarios<span class=\"ez-toc-section-end\"><\/span><\/h2>\n\n\n\n<p>Desde aqu\u00ed se definen ciertas caracter\u00edsticas a todos los usuarios del Campus Virtual. Por ejemplo:<\/p>\n\n\n\n<ul class=\"wp-block-list\"><li>\u00bfRecibir\u00e1n en su correo personal avisos de noticias y\/o avisos de foros nuevos? <\/li><li>\u00bfSe le resaltar\u00e1n en el Escritorio los contenidos no le\u00eddos? <\/li><li> \u00bfSe le ocultar\u00e1n los datos personales al resto de los usuarios del Campus Virtual?.<\/li><\/ul>\n\n\n\n<p>Estas son algunas de las tareas masivas que es posible aplicar a todas las aulas de todo el <strong>Campus Virtual<\/strong>. \u00bfYa la han probado?.<\/p>\n\n\n\n<p> <strong>Autora:  Cecilia\u00a0M.\u00a0Mohni<\/strong><br><em>Departamento Social <strong>educativa<\/strong><\/em> <\/p>\n","protected":false},"excerpt":{"rendered":"<p>Cuando es necesario que la mayor\u00eda de las aulas del Campus virtual tengan las mismas caracter\u00edsticas funcionales entre s\u00ed, es muy pr\u00e1ctico utilizar la herramienta &#8220;Defaults&#8221;. &#8220;D\u00ed de alta un aula y necesito que las otras aulas tengan las mismas secciones, los mismos perfiles y permisos en los usuarios y las mismas configuraciones generales&#8221; es [&hellip;]<\/p>\n","protected":false},"author":14,"featured_media":17012,"comment_status":"open","ping_status":"open","sticky":false,"template":"","format":"standard","meta":{"_acf_changed":false,"footnotes":""},"categories":[276,277,1,5,278],"tags":[304,73,301,300,299,294,251],"class_list":["post-17010","post","type-post","status-publish","format-standard","has-post-thumbnail","hentry","category-ayuda-tecnica","category-buenas-practicas-de-elearning","category-institucional","category-recursos","category-tutoriales-y-guias","tag-capacitacion-por-puestos","tag-educativa-2","tag-ejecutiva-competencias","tag-ejecutiva-desempeno","tag-ejecutiva-formacion","tag-gestion-por-desempeno","tag-sgd"],"translation":{"provider":"WPGlobus","version":"3.0.2","language":"en","enabled_languages":["es","en"],"languages":{"es":{"title":true,"content":true,"excerpt":false},"en":{"title":false,"content":false,"excerpt":false}}},"acf":[],"_links":{"self":[{"href":"https:\/\/www.educativa.com\/en\/wp-json\/wp\/v2\/posts\/17010","targetHints":{"allow":["GET"]}}],"collection":[{"href":"https:\/\/www.educativa.com\/en\/wp-json\/wp\/v2\/posts"}],"about":[{"href":"https:\/\/www.educativa.com\/en\/wp-json\/wp\/v2\/types\/post"}],"author":[{"embeddable":true,"href":"https:\/\/www.educativa.com\/en\/wp-json\/wp\/v2\/users\/14"}],"replies":[{"embeddable":true,"href":"https:\/\/www.educativa.com\/en\/wp-json\/wp\/v2\/comments?post=17010"}],"version-history":[{"count":12,"href":"https:\/\/www.educativa.com\/en\/wp-json\/wp\/v2\/posts\/17010\/revisions"}],"predecessor-version":[{"id":17206,"href":"https:\/\/www.educativa.com\/en\/wp-json\/wp\/v2\/posts\/17010\/revisions\/17206"}],"wp:featuredmedia":[{"embeddable":true,"href":"https:\/\/www.educativa.com\/en\/wp-json\/wp\/v2\/media\/17012"}],"wp:attachment":[{"href":"https:\/\/www.educativa.com\/en\/wp-json\/wp\/v2\/media?parent=17010"}],"wp:term":[{"taxonomy":"category","embeddable":true,"href":"https:\/\/www.educativa.com\/en\/wp-json\/wp\/v2\/categories?post=17010"},{"taxonomy":"post_tag","embeddable":true,"href":"https:\/\/www.educativa.com\/en\/wp-json\/wp\/v2\/tags?post=17010"}],"curies":[{"name":"wp","href":"https:\/\/api.w.org\/{rel}","templated":true}]}}