
{"id":10149,"date":"2017-04-17T15:54:28","date_gmt":"2017-04-17T18:54:28","guid":{"rendered":"http:\/\/www.educativa.com\/?p=10149"},"modified":"2020-10-27T12:09:15","modified_gmt":"2020-10-27T15:09:15","slug":"campus-9-llega-a-todos-los-dispositivos","status":"publish","type":"post","link":"https:\/\/www.educativa.com\/en\/blog-articulos\/campus-9-llega-a-todos-los-dispositivos\/","title":{"rendered":"Campus 9 llega a todos los dispositivos"},"content":{"rendered":"<p>Descubre la versi\u00f3n 9 del Campus. Una de las m\u00e1s completas de los \u00faltimos tiempos.<\/p>\n<p><img loading=\"lazy\" decoding=\"async\" class=\"alignnone size-full wp-image-10152\" src=\"https:\/\/www.educativa.com\/wp-content\/uploads\/2017\/04\/campus9_movil.jpg\" alt=\"\" width=\"850\" height=\"592\" srcset=\"https:\/\/www.educativa.com\/wp-content\/uploads\/2017\/04\/campus9_movil.jpg 850w, https:\/\/www.educativa.com\/wp-content\/uploads\/2017\/04\/campus9_movil-300x209.jpg 300w, https:\/\/www.educativa.com\/wp-content\/uploads\/2017\/04\/campus9_movil-768x535.jpg 768w\" sizes=\"auto, (max-width: 850px) 100vw, 850px\" \/><\/p>\n<h2>Redise\u00f1o de la interfaz para m\u00f3viles y tablets<\/h2>\n<p>Seguimos haciendo el dise\u00f1o de nuestro Campus m\u00e1s limpio y claro, ahora adem\u00e1s es perfectamente compatible&nbsp;con los&nbsp;dispositivos m\u00e1s difundidos del mercado.<\/p>\n<h3>Nueva App para&nbsp;smartphones<\/h3>\n<p>Adem\u00e1s de utilizar Campus desde la web ahora podr\u00e1s descargar la <a href=\"https:\/\/www.educativa.com\/blog-articulos\/campus-educativa-para-android\/\">aplicaci\u00f3n para Android<\/a> o iOS y recibir notificaciones&nbsp;importantes directamente en el tel\u00e9fono.<\/p>\n<h3>Cat\u00e1logo de oferta formativa<\/h3>\n<p>Podr\u00e1s ofrecer tus cursos y aulas a la comunidad en forma abierta. Los usuarios podr\u00e1n auto-inscribirse a las ofertas que resulten de su inter\u00e9s y tu podr\u00e1s ejercer un control de inscripciones si lo deseas. <a href=\"https:\/\/www.educativa.com\/blog-articulos\/presentamos-el-catalogo\/\">Conoce m\u00e1s sobre cat\u00e1logo<\/a>.<\/p>\n<h3>Contenidos&nbsp;de mejor calidad<\/h3>\n<p>El <a href=\"https:\/\/www.educativa.com\/soporte-articulos\/trabajando-con-contenidos-adaptativos\/\">editor de textos fue actualizado<\/a>&nbsp;y el \u00e1rea para trabajar&nbsp;contenidos es&nbsp;m\u00e1s grande. Se podr\u00e1n ver im\u00e1genes y videos a mayor resoluci\u00f3n.<\/p>\n<h3>Tablero de control<\/h3>\n<p>Podr\u00e1s monitorear el movimiento de usuarios en las aulas en tiempo real y generar reportes de actividad y trazabilidad.<\/p>\n<h3>Tipos de aula&nbsp;unificados<\/h3>\n<p>Ya no hace falta utilizar&nbsp;aulas de distintos tipos. Todas las situaciones de interacci\u00f3n (presenciales, a distancia, scorm, etc.) se resuelven con un mismo tipo de aula que incluye&nbsp;la suma de todas las&nbsp;funcionalidades anteriores.<\/p>\n\n\n<p><strong>DG. Patricio Correnti<\/strong><\/p>\n","protected":false},"excerpt":{"rendered":"<p>Descubre la versi\u00f3n 9 del Campus. Una de las m\u00e1s completas de los \u00faltimos tiempos. Redise\u00f1o de la interfaz para m\u00f3viles y tablets Seguimos haciendo el dise\u00f1o de nuestro Campus m\u00e1s limpio y claro, ahora adem\u00e1s es perfectamente compatible&nbsp;con los&nbsp;dispositivos m\u00e1s difundidos del mercado. Nueva App para&nbsp;smartphones Adem\u00e1s de utilizar Campus desde la web ahora [&hellip;]<\/p>\n","protected":false},"author":14,"featured_media":10152,"comment_status":"open","ping_status":"open","sticky":false,"template":"","format":"standard","meta":{"_acf_changed":false,"footnotes":""},"categories":[273,1],"tags":[],"class_list":["post-10149","post","type-post","status-publish","format-standard","has-post-thumbnail","hentry","category-actualizaciones","category-institucional"],"translation":{"provider":"WPGlobus","version":"3.0.2","language":"en","enabled_languages":["es","en"],"languages":{"es":{"title":true,"content":true,"excerpt":false},"en":{"title":false,"content":false,"excerpt":false}}},"acf":[],"_links":{"self":[{"href":"https:\/\/www.educativa.com\/en\/wp-json\/wp\/v2\/posts\/10149","targetHints":{"allow":["GET"]}}],"collection":[{"href":"https:\/\/www.educativa.com\/en\/wp-json\/wp\/v2\/posts"}],"about":[{"href":"https:\/\/www.educativa.com\/en\/wp-json\/wp\/v2\/types\/post"}],"author":[{"embeddable":true,"href":"https:\/\/www.educativa.com\/en\/wp-json\/wp\/v2\/users\/14"}],"replies":[{"embeddable":true,"href":"https:\/\/www.educativa.com\/en\/wp-json\/wp\/v2\/comments?post=10149"}],"version-history":[{"count":14,"href":"https:\/\/www.educativa.com\/en\/wp-json\/wp\/v2\/posts\/10149\/revisions"}],"predecessor-version":[{"id":21689,"href":"https:\/\/www.educativa.com\/en\/wp-json\/wp\/v2\/posts\/10149\/revisions\/21689"}],"wp:featuredmedia":[{"embeddable":true,"href":"https:\/\/www.educativa.com\/en\/wp-json\/wp\/v2\/media\/10152"}],"wp:attachment":[{"href":"https:\/\/www.educativa.com\/en\/wp-json\/wp\/v2\/media?parent=10149"}],"wp:term":[{"taxonomy":"category","embeddable":true,"href":"https:\/\/www.educativa.com\/en\/wp-json\/wp\/v2\/categories?post=10149"},{"taxonomy":"post_tag","embeddable":true,"href":"https:\/\/www.educativa.com\/en\/wp-json\/wp\/v2\/tags?post=10149"}],"curies":[{"name":"wp","href":"https:\/\/api.w.org\/{rel}","templated":true}]}}